{"id":1580,"date":"2016-03-09T09:54:58","date_gmt":"2016-03-09T08:54:58","guid":{"rendered":"http:\/\/desmilitaritzem.blog.pangea.org\/?p=1580"},"modified":"2016-07-18T15:57:40","modified_gmt":"2016-07-18T13:57:40","slug":"retirem-lexercit-del-salo-de-lensenyament-2","status":"publish","type":"post","link":"https:\/\/desmilitaritzem.blog.pangea.org\/CA\/2016\/03\/09\/retirem-lexercit-del-salo-de-lensenyament-2\/","title":{"rendered":"Retirem l&#8217;ex\u00e8rcit del Sal\u00f3 de l&#8217;Ensenyament"},"content":{"rendered":"<p><\/p>\n<p style=\"text-align: justify\">Un any m\u00e9s, l\u2019Ex\u00e8rcit espanyol participa al Sal\u00f3 de l\u2019Ensenyament de Barcelona (del 9 a al 13 de mar\u00e7 de 2016). I un any m\u00e9s, la campanya <strong>Desmilitaritzem l&#8217;educaci\u00f3<\/strong> surt al carrer. <strong>Som la representaci\u00f3 de la societat civil que aspira a un m\u00f3n millor i a qui la pres\u00e8ncia de l&#8217;ex\u00e8rcit en aquest esdeveniment ens provoca rebuig i indignaci\u00f3. <\/strong><\/p>\n<p style=\"text-align: justify\">En el context actual de retallades socials, reducci\u00f3 dels pressupostos educatius i augment de les matr\u00edcules universit\u00e0ries, \u00e9s encara m\u00e9s gre u la seva pres\u00e8ncia en l\u2019\u00e0mbit educatiu. Per\u00f2 perqu\u00e8 ens manifestem? El patriarcat, l\u2019obedi\u00e8ncia jerarquitzada, l\u2019androcentrisme, l\u2019homof\u00f2bia, el masclisme, la disciplina i , sobretot, la viol\u00e8ncia com a mitj\u00e0 per a resoldre conflictes s\u00f3n els valors que transmeten les institucions militars. S\u2019oposen totalment als valors de pau, di\u00e0leg i llibertat, solidaritat, responsabilitat, respecte, sentit cr\u00edtic, autonomia i igualtat que han de ser la base de l\u2019educaci\u00f3.<\/p>\n<p style=\"text-align: justify\">El nostre malestar s\u2019ha manifestat reiteradament, i, des de l\u2019any 2008, la campanya <strong>Desmilitaritzem l\u2019Educaci\u00f3<\/strong> ha realitzat diverses accions. Hem aconseguit que el Parlament de Catalunya i, recentment, el Consell Municipal de la Ciutat de Barcelona instin al Departament d\u2019Ensenyament i a les autoritats responsables d\u2019aquest Sal\u00f3 a no permetre la pres\u00e8ncia de l\u2019ex\u00e8rcit. <strong>Per\u00f2 avui, aqu\u00ed hi s\u00f3n! I per tant hem de denunciar, tamb\u00e9, la inactivitat del govern de la Generalitat de Catalunya davant la resoluci\u00f3 del Parlament i la veu de la ciutadania.<\/strong><\/p>\n<p style=\"text-align: justify\">La pres\u00e8ncia de les Forces Armades en un \u201cSal\u00f3 de l\u2019Ensenyament\u201d \u00e9s un pas m\u00e9s en la normalitzaci\u00f3 de l\u2019ex\u00e8rcit i fomenta l\u2019anomenada <em>cultura de defensa i esperit militar<\/em>. A m\u00e9s, amb el seu expositor, intenten millorar la imatge de l\u2019ex\u00e8rcit i animen al reclutament, amagant la cara menys amable de la militaritzaci\u00f3, on milers de nens i nenes moren cont\u00ednuament a causa dels conflictes armats.<\/p>\n<p style=\"text-align: justify\">La viol\u00e8ncia nom\u00e9s porta m\u00e9s viol\u00e8ncia. Per aix\u00f2 defensem la resoluci\u00f3 no-violenta dels conflictes, defensem els mecanismes de provenci\u00f3, mediaci\u00f3 i cooperaci\u00f3, aix\u00ed com la igualtat, la just\u00edcia econ\u00f2mica i social. \u00c9s tasca de tothom la construcci\u00f3 d\u2019una ciutadania cr\u00edtica i global que treballi per un m\u00f3n en pau.<\/p>\n<p style=\"text-align: justify\">Manifestem clarament el nostre rebuig a la participaci\u00f3 de l\u2019Ex\u00e8rcit espanyol al Sal\u00f3 de l\u2019Ensenyament i demanem al Departament d\u2019Ensenyament, en qualitat de coordinador, i a la Fira de Barcelona, en qualitat d\u2019organitzadora, de retirar-li la invitaci\u00f3 per aquesta i de cara les properes edicions.<\/p>\n<p style=\"text-align: justify\">I preguntem, com volem educar a les futures generacions? Com va dir Malala Yousafzai: \u201c<strong>Un nen\/una nena, un professor\/una professora, un llibre i un llapis poden canviar el m\u00f3n<\/strong>\u201d, i <strong>AQUESTES S\u00d3N LES NOSTRES \u00faniques \u201cARMES<\/strong><\/p>\n<p><\/p>","protected":false},"excerpt":{"rendered":"<p>Un any m\u00e9s, l\u2019Ex\u00e8rcit espanyol participa al Sal\u00f3 de l\u2019Ensenyament de Barcelona (del 9 a al 13 de mar\u00e7 de 2016). I un any m\u00e9s, la campanya Desmilitaritzem l&#8217;educaci\u00f3 surt al carrer. Som la representaci\u00f3 de la societat civil que aspira a un m\u00f3n millor i a qui la pres\u00e8ncia de l&#8217;ex\u00e8rcit en aquest esdeveniment&hellip;&nbsp;<a href=\"https:\/\/desmilitaritzem.blog.pangea.org\/CA\/2016\/03\/09\/retirem-lexercit-del-salo-de-lensenyament-2\/\" rel=\"bookmark\">Read More &raquo;<span class=\"screen-reader-text\">Retirem l&#8217;ex\u00e8rcit del Sal\u00f3 de l&#8217;Ensenyament<\/span><\/a><\/p>\n","protected":false},"author":1115,"featured_media":1581,"comment_status":"open","ping_status":"open","sticky":false,"template":"","format":"standard","meta":{"neve_meta_sidebar":"","neve_meta_container":"","neve_meta_enable_content_width":"","neve_meta_content_width":0,"neve_meta_title_alignment":"","neve_meta_author_avatar":"","neve_post_elements_order":"","neve_meta_disable_header":"","neve_meta_disable_footer":"","neve_meta_disable_title":"","jetpack_post_was_ever_published":false,"_jetpack_newsletter_access":"","_jetpack_dont_email_post_to_subs":false,"_jetpack_newsletter_tier_id":0,"_jetpack_memberships_contains_paywalled_content":false,"_jetpack_memberships_contains_paid_content":false,"footnotes":"","jetpack_publicize_message":"","jetpack_publicize_feature_enabled":true,"jetpack_social_post_already_shared":false,"jetpack_social_options":{"image_generator_settings":{"template":"highway","default_image_id":0,"font":"","enabled":false},"version":2}},"categories":[32],"tags":[],"class_list":["post-1580","post","type-post","status-publish","format-standard","has-post-thumbnail","hentry","category-principal"],"jetpack_publicize_connections":[],"jetpack_featured_media_url":"https:\/\/desmilitaritzem.blog.pangea.org\/files\/2016\/03\/imagen.jpg","jetpack_sharing_enabled":true,"jetpack_shortlink":"https:\/\/wp.me\/p1W1mN-pu","jetpack-related-posts":[],"_links":{"self":[{"href":"https:\/\/desmilitaritzem.blog.pangea.org\/CA\/wp-json\/wp\/v2\/posts\/1580","targetHints":{"allow":["GET"]}}],"collection":[{"href":"https:\/\/desmilitaritzem.blog.pangea.org\/CA\/wp-json\/wp\/v2\/posts"}],"about":[{"href":"https:\/\/desmilitaritzem.blog.pangea.org\/CA\/wp-json\/wp\/v2\/types\/post"}],"author":[{"embeddable":true,"href":"https:\/\/desmilitaritzem.blog.pangea.org\/CA\/wp-json\/wp\/v2\/users\/1115"}],"replies":[{"embeddable":true,"href":"https:\/\/desmilitaritzem.blog.pangea.org\/CA\/wp-json\/wp\/v2\/comments?post=1580"}],"version-history":[{"count":1,"href":"https:\/\/desmilitaritzem.blog.pangea.org\/CA\/wp-json\/wp\/v2\/posts\/1580\/revisions"}],"predecessor-version":[{"id":1582,"href":"https:\/\/desmilitaritzem.blog.pangea.org\/CA\/wp-json\/wp\/v2\/posts\/1580\/revisions\/1582"}],"wp:featuredmedia":[{"embeddable":true,"href":"https:\/\/desmilitaritzem.blog.pangea.org\/CA\/wp-json\/wp\/v2\/media\/1581"}],"wp:attachment":[{"href":"https:\/\/desmilitaritzem.blog.pangea.org\/CA\/wp-json\/wp\/v2\/media?parent=1580"}],"wp:term":[{"taxonomy":"category","embeddable":true,"href":"https:\/\/desmilitaritzem.blog.pangea.org\/CA\/wp-json\/wp\/v2\/categories?post=1580"},{"taxonomy":"post_tag","embeddable":true,"href":"https:\/\/desmilitaritzem.blog.pangea.org\/CA\/wp-json\/wp\/v2\/tags?post=1580"}],"curies":[{"name":"wp","href":"https:\/\/api.w.org\/{rel}","templated":true}]}}