{"id":467,"date":"2010-03-17T22:45:23","date_gmt":"2010-03-17T21:45:23","guid":{"rendered":"http:\/\/desmilitaritzem.blog.pangea.org\/?p=467"},"modified":"2013-06-13T02:55:46","modified_gmt":"2013-06-13T00:55:46","slug":"l%e2%80%99exercit-envaeix-els-espais-educatius","status":"publish","type":"post","link":"https:\/\/desmilitaritzem.blog.pangea.org\/CA\/2010\/03\/17\/l%e2%80%99exercit-envaeix-els-espais-educatius\/","title":{"rendered":"L\u2019ex\u00e8rcit envaeix els espais educatius"},"content":{"rendered":"<p><em><strong>La campanya \u201cDesmilitaritzem l\u2019Educaci\u00f3\u201d denuncia la pres\u00e8ncia de l\u2019ex\u00e8rcit al Sal\u00f3 de l\u2019Ensenyament de Barcelona (17 al 21 de mar\u00e7) i demana al Departament d\u2019Educaci\u00f3 la seva retirada.<\/strong><\/em><\/p>\n<p><em><strong> <\/strong><\/em><br \/>\nBarcelona, 17 de mar\u00e7 de 2010.- Enguany, l\u2019ex\u00e8rcit ha estat convidat una altra vegada a participar al Sal\u00f3 de l\u2019Ensenyament de Barcelona. La Campanya \u201cDesmilitaritzem l\u2019Educaci\u00f3\u201d considera que la seva pres\u00e8ncia en aquest esdeveniment educatiu no \u00e9s admissible. Des del convenciment que la missi\u00f3 de les institucions i els agents educatius \u00e9s el foment de la cultura, la ci\u00e8ncia i els valors de la conviv\u00e8ncia i la diversitat, creiem que ex\u00e8rcit i educaci\u00f3 s\u00f3n conceptes manifestament antag\u00f2nics.<\/p>\n<p>El <a href=\"http:\/\/desmilitaritzem.blog.pangea.org\/?p=462\" target=\"_self\">manifest<\/a> que s\u2019ha elaborat des de la campanya \u201cDesmilitaritzem l\u2019Educaci\u00f3\u201d denuncia que la propaganda que el jovent rep del Ministeri de Defensa ja que \u00e9s enganyosa, despr\u00e8n una imatge id\u00edl\u00b7lica de la vida militar i edulcora el paper de les forces armades espanyoles en els conflictes b\u00e8l\u00b7lics. L\u2019ex\u00e8rcit \u00e9s presentat gaireb\u00e9 com una ONG d\u2019ajut humanitari, la qual cosa oculta el seu rol de defensa d\u2019interessos geopol\u00edtics i econ\u00f2mics.<\/p>\n<p>La campanya vol manifestar el seu m\u00e9s ferm rebuig a la pres\u00e8ncia de l\u2019ex\u00e8rcit al Sal\u00f3 de l\u2019Ensenyament i convida al Departament d\u2019Educaci\u00f3, en qualitat de coordinador, i la Fira de Barcelona, en qualitat d\u2019organitzadora, a retirar-li la invitaci\u00f3 per a les edicions d\u2019enguany i les properes.<\/p>\n<p>Per a m\u00e9s informaci\u00f3:<br \/>\nMarina Perejuan, tel. 93 442 28 35. Llum Pellicer, tel.660.45.63.71.<br \/>\nfcongp@gmail.com<br \/>\nhttp:\/\/desmilitaritzem.blog.pangea.org<\/p>\n<p><a href=\"http:\/\/desmilitaritzem.blog.pangea.org\/?page_id=10\" target=\"_self\">Adhesions a la campanya<\/a><\/p>\n","protected":false},"excerpt":{"rendered":"<p>La campanya \u201cDesmilitaritzem l\u2019Educaci\u00f3\u201d denuncia la pres\u00e8ncia de l\u2019ex\u00e8rcit al Sal\u00f3 de l\u2019Ensenyament de Barcelona (17 al 21 de mar\u00e7) i demana al Departament d\u2019Educaci\u00f3 la seva retirada. Barcelona, 17 de mar\u00e7 de 2010.- Enguany, l\u2019ex\u00e8rcit ha estat convidat una altra vegada a participar al Sal\u00f3 de l\u2019Ensenyament de Barcelona. La Campanya \u201cDesmilitaritzem l\u2019Educaci\u00f3\u201d considera&hellip;&nbsp;<a href=\"https:\/\/desmilitaritzem.blog.pangea.org\/CA\/2010\/03\/17\/l%e2%80%99exercit-envaeix-els-espais-educatius\/\" rel=\"bookmark\">Read More &raquo;<span class=\"screen-reader-text\">L\u2019ex\u00e8rcit envaeix els espais educatius<\/span><\/a><\/p>\n","protected":false},"author":27,"featured_media":0,"comment_status":"open","ping_status":"open","sticky":false,"template":"","format":"standard","meta":{"neve_meta_sidebar":"","neve_meta_container":"","neve_meta_enable_content_width":"","neve_meta_content_width":0,"neve_meta_title_alignment":"","neve_meta_author_avatar":"","neve_post_elements_order":"","neve_meta_disable_header":"","neve_meta_disable_footer":"","neve_meta_disable_title":"","jetpack_post_was_ever_published":false,"_jetpack_newsletter_access":"","_jetpack_dont_email_post_to_subs":false,"_jetpack_newsletter_tier_id":0,"_jetpack_memberships_contains_paywalled_content":false,"_jetpack_memberships_contains_paid_content":false,"footnotes":"","jetpack_publicize_message":"","jetpack_publicize_feature_enabled":true,"jetpack_social_post_already_shared":false,"jetpack_social_options":{"image_generator_settings":{"template":"highway","default_image_id":0,"font":"","enabled":false},"version":2}},"categories":[32],"tags":[8168],"class_list":["post-467","post","type-post","status-publish","format-standard","hentry","category-principal","tag-salo-ensenyament"],"jetpack_publicize_connections":[],"jetpack_featured_media_url":"","jetpack_sharing_enabled":true,"jetpack_shortlink":"https:\/\/wp.me\/p1W1mN-7x","jetpack-related-posts":[],"_links":{"self":[{"href":"https:\/\/desmilitaritzem.blog.pangea.org\/CA\/wp-json\/wp\/v2\/posts\/467","targetHints":{"allow":["GET"]}}],"collection":[{"href":"https:\/\/desmilitaritzem.blog.pangea.org\/CA\/wp-json\/wp\/v2\/posts"}],"about":[{"href":"https:\/\/desmilitaritzem.blog.pangea.org\/CA\/wp-json\/wp\/v2\/types\/post"}],"author":[{"embeddable":true,"href":"https:\/\/desmilitaritzem.blog.pangea.org\/CA\/wp-json\/wp\/v2\/users\/27"}],"replies":[{"embeddable":true,"href":"https:\/\/desmilitaritzem.blog.pangea.org\/CA\/wp-json\/wp\/v2\/comments?post=467"}],"version-history":[{"count":6,"href":"https:\/\/desmilitaritzem.blog.pangea.org\/CA\/wp-json\/wp\/v2\/posts\/467\/revisions"}],"predecessor-version":[{"id":472,"href":"https:\/\/desmilitaritzem.blog.pangea.org\/CA\/wp-json\/wp\/v2\/posts\/467\/revisions\/472"}],"wp:attachment":[{"href":"https:\/\/desmilitaritzem.blog.pangea.org\/CA\/wp-json\/wp\/v2\/media?parent=467"}],"wp:term":[{"taxonomy":"category","embeddable":true,"href":"https:\/\/desmilitaritzem.blog.pangea.org\/CA\/wp-json\/wp\/v2\/categories?post=467"},{"taxonomy":"post_tag","embeddable":true,"href":"https:\/\/desmilitaritzem.blog.pangea.org\/CA\/wp-json\/wp\/v2\/tags?post=467"}],"curies":[{"name":"wp","href":"https:\/\/api.w.org\/{rel}","templated":true}]}}