{"id":1310,"date":"2014-09-01T11:36:21","date_gmt":"2014-09-01T09:36:21","guid":{"rendered":"http:\/\/desmilitaritzem.blog.pangea.org\/?p=1310"},"modified":"2014-10-24T23:30:56","modified_gmt":"2014-10-24T21:30:56","slug":"25-31-doctubre-uneix-te-a-la-nostra-setmana-daccio-per-una-educacio-i-investigacio-lliures-del-militarisme","status":"publish","type":"post","link":"https:\/\/desmilitaritzem.blog.pangea.org\/ca\/2014\/09\/01\/25-31-doctubre-uneix-te-a-la-nostra-setmana-daccio-per-una-educacio-i-investigacio-lliures-del-militarisme\/","title":{"rendered":"25 &#8211; 31 d&#8217;octubre: Uneix-te a la nostra setmana d&#8217;acci\u00f3 per una educaci\u00f3 i investigaci\u00f3 lliures del militarisme"},"content":{"rendered":"<h3 class=\"western\" style=\"text-align: right\"><span class=\"notranslate\"><strong><img loading=\"lazy\" decoding=\"async\" data-attachment-id=\"1334\" data-permalink=\"https:\/\/desmilitaritzem.blog.pangea.org\/ca\/2014\/09\/01\/25-31-doctubre-uneix-te-a-la-nostra-setmana-daccio-per-una-educacio-i-investigacio-lliures-del-militarisme\/aiwa-cat\/\" data-orig-file=\"https:\/\/desmilitaritzem.blog.pangea.org\/files\/2014\/09\/aiwa-cat.jpg\" data-orig-size=\"600,237\" data-comments-opened=\"1\" data-image-meta=\"{&quot;aperture&quot;:&quot;0&quot;,&quot;credit&quot;:&quot;&quot;,&quot;camera&quot;:&quot;&quot;,&quot;caption&quot;:&quot;&quot;,&quot;created_timestamp&quot;:&quot;0&quot;,&quot;copyright&quot;:&quot;&quot;,&quot;focal_length&quot;:&quot;0&quot;,&quot;iso&quot;:&quot;0&quot;,&quot;shutter_speed&quot;:&quot;0&quot;,&quot;title&quot;:&quot;&quot;}\" data-image-title=\"aiwa-cat\" data-image-description=\"\" data-image-caption=\"\" data-large-file=\"https:\/\/desmilitaritzem.blog.pangea.org\/files\/2014\/09\/aiwa-cat.jpg\" class=\"aligncenter size-full wp-image-1334\" src=\"http:\/\/desmilitaritzem.blog.pangea.org\/files\/2014\/09\/aiwa-cat.jpg\" alt=\"aiwa-cat\" width=\"600\" height=\"237\" srcset=\"https:\/\/desmilitaritzem.blog.pangea.org\/files\/2014\/09\/aiwa-cat.jpg 600w, https:\/\/desmilitaritzem.blog.pangea.org\/files\/2014\/09\/aiwa-cat-300x118.jpg 300w\" sizes=\"auto, (max-width: 600px) 100vw, 600px\" \/>Els ex\u00e8rcits de tot el m\u00f3n tenen acc\u00e9s als joves a trav\u00e9s dels sistemes educatius.<\/strong><\/span><\/h3>\n<p class=\"western\" lang=\"es-ES\" style=\"text-align: justify\"><span class=\"notranslate\"> Aix\u00f2 els proporciona una oportunitat extraordin\u00e0ria per donar forma a la percepci\u00f3 que t\u00e9 cada generaci\u00f3 sobre la viol\u00e8ncia militar i establir les bases per al reclutament futur.<\/span><\/p>\n<p class=\"western\" lang=\"es-ES\" style=\"text-align: justify\"><span class=\"notranslate\"> Del 25 al 31 d&#8217;octubre se celebrar\u00e0 la primera setmana internacional d&#8217;acci\u00f3 per una educaci\u00f3 i investigaci\u00f3 cient\u00edfica lliures del militarisme: un esfor\u00e7 concertat d&#8217;acci\u00f3 antimilitarista a nivell mundial per conscienciar i desafiar el paper que l&#8217;ex\u00e8rcit exerceix en l&#8217;educaci\u00f3, aix\u00ed com donar veu a les possibles alternatives.<\/span><\/p>\n<p><img loading=\"lazy\" decoding=\"async\" id=\"mceItemDrupalImage\" title=\"La classe reclutada\" src=\"http:\/\/www.wri-irg.org\/index.php?q=image\/view\/23435\" alt=\"nid%3D23435%7Ctitle%3DD%C3%ADa%20de%20acci%C3%B3n%202013%20%E2%80%93%20teatro%20callejero%20en%20Tel%20Aviv%3A%20La%20clase%20reclutada%7Cdesc%3D%7Clink%3Dnone\" width=\"361\" height=\"259\" align=\"left\" border=\"0\" \/><\/p>\n<p class=\"western\">\n<p class=\"western\" style=\"text-align: justify\"><span class=\"notranslate\">L&#8217;any passat es va celebrar el primer dia d&#8217;acci\u00f3 per una educaci\u00f3 i investigaci\u00f3 lliures de militarisme amb grups de l&#8217;\u00cdndia, Alemanya, Sud-\u00e0frica, l&#8217;Estat Espanyol, Xile, Congo, EUA i Israel passant a l&#8217;acci\u00f3 per posar fi al paper de l&#8217;ex\u00e8rcit en l&#8217;educaci\u00f3 i la investigaci\u00f3.<\/span> <span class=\"notranslate\"> Esperem que ampliant aquesta iniciativa a tota una setmana permeti que tinguin lloc m\u00e9s accions, m\u00e9s creatives i durant m\u00e9s temps.<\/span><\/p>\n<p class=\"western\" style=\"text-align: justify\"><span class=\"notranslate\"> Si vols participar aquest any, et convidem a que organitzis les teves pr\u00f2pies accions utilitzant el logotip de dalt (hi haur\u00e0 versions en espanyol, angl\u00e8s i alemany) &#8211; si vols fer una versi\u00f3 en el teu idioma escriu a <a href=\"mailto:cmoy@wri-irg.org\">cmoy@wri-irg.org<\/a> per aconseguir una c\u00f2pia.<\/span><\/p>\n<p class=\"western\" style=\"text-align: justify\"><span class=\"notranslate\"> Aquells que van participar al dia d&#8217;acci\u00f3 de l&#8217;any passat estan col \u00b7 laborant i compartint idees per crear un concepte d&#8217;acci\u00f3 conjunta per a la setmana.<\/span> <span class=\"notranslate\"> Un cop es finalitzin els plans els publicarem aqu\u00ed.<\/span><\/p>\n<h2 class=\"western\" style=\"text-align: justify\"><span class=\"notranslate\"> <strong>Com pots participar?<\/strong><\/span><\/h2>\n<ul>\n<li style=\"text-align: justify\">\n<p class=\"western\" lang=\"es-ES\"><span class=\"notranslate\"> <strong>Signa una crida a l&#8217;acci\u00f3:<\/strong> La IRG i altres organitzacions llan\u00e7aran una crida a l&#8217;acci\u00f3.<\/span> <span class=\"notranslate\"> Si t&#8217;interessa apuntar-te a aquesta crida a l&#8217;acci\u00f3 escriu a <a href=\"mailto:cmoy@wri-irg.org\">cmoy@wri-irg.org<\/a> per aconseguir una c\u00f2pia.<\/span><\/p>\n<\/li>\n<li>\n<p class=\"western\" lang=\"es-ES\" style=\"text-align: justify\"><span class=\"notranslate\"> <strong>Organitza la teva pr\u00f2pia acci\u00f3 noviolenta<\/strong> com a part de la setmana d&#8217;acci\u00f3 per una educaci\u00f3 i investigaci\u00f3 lliures del militarisme.<\/span> <span class=\"notranslate\"> Explica&#8217;ns el que est\u00e0s planejant.<\/span> <span class=\"notranslate\"> Si l&#8217;acci\u00f3 ha de ser p\u00fablica, \u00a1divulgarem la not\u00edcia i la donarem a con\u00e8ixer! Si vols proposar una acci\u00f3 per realitzar a Catalunya, escriu-nos aqu\u00ed: <a href=\"mailto:desmilitaritzem@gmail.com\">desmilitaritzem@gmail.com<\/a> <\/span><\/p>\n<\/li>\n<li>\n<p class=\"western\" lang=\"es-ES\" style=\"text-align: justify\"><span class=\"notranslate\"> <strong>Dubtes?<\/strong> Contacta amb nosaltres i podem considerar diferents idees d&#8217;acci\u00f3 o posar-te en contacte amb altres al teu pa\u00eds que ja estiguin preparant alguna cosa.<\/span><\/p>\n<\/li>\n<\/ul>\n<h2 class=\"western\"><span class=\"notranslate\"> Context<\/span><\/h2>\n<p class=\"western\" lang=\"es-ES\" style=\"text-align: justify\"><span class=\"notranslate\"> Aquests esdeveniments s\u00f3n organitzats per individus i grups de la xarxa de la IRG (tant al Pr\u00f2xim Orient, Europa, \u00c0frica i Am\u00e8rica del Nord) i que conjuntament volen desafiar la pres\u00e8ncia i la influ\u00e8ncia de l&#8217;ex\u00e8rcit en els sistemes educatius dels seus respectius pa\u00efsos: des de la visita de reclutadors als col \u00b7 legis, fins al finan\u00e7ament governamental de la investigaci\u00f3 amb fins militars, aix\u00ed com el privilegi dels enfocaments militars que aix\u00f2 comporta.<\/span><\/p>\n<p class=\"western\" lang=\"es-ES\" style=\"text-align: justify\"><span class=\"notranslate\"> El 14 de juny de 2013 va celebrar el primer Dia d&#8217;Acci\u00f3 per una Educaci\u00f3 i Investigaci\u00f3 Lliures del Militarisme.<\/span> <span class=\"notranslate\"> Inspirant-se en una setmana d&#8217;acci\u00f3 que va tenir lloc en moltes ciutats d&#8217;Alemanya el setembre de 2012, grups, organitzacions i individus de Sud-\u00e0frica, It\u00e0lia, EUA, \u00cdndia, el Regne Unit, Xile, Israel, l&#8217;Estat Espanyol i la Rep\u00fablica Democr\u00e0tica del Congo es van unir sota un mateix lema per entrar en acci\u00f3 cada un en el seu context.<\/span> <span class=\"notranslate\"> Les accions inclo\u00efen teatres de carrer per desafiar la pres\u00e8ncia de l&#8217;ex\u00e8rcit a les escoles d&#8217;Israel, l&#8217;exhibici\u00f3 d&#8217;una pel \u00b7 l\u00edcula a Sud-\u00e0frica i vig\u00edlies als EUA.<\/span> <span class=\"notranslate\"> Anima&#8217;t a llegir aqu\u00ed l&#8217;informe sobre el dia d&#8217;acci\u00f3 per a demanar idees sobre el que el teu grup i tu podeu fer aquest any!<\/span><\/p>\n","protected":false},"excerpt":{"rendered":"<p>Els ex\u00e8rcits de tot el m\u00f3n tenen acc\u00e9s als joves a trav\u00e9s dels sistemes educatius. Aix\u00f2 els proporciona una oportunitat extraordin\u00e0ria per donar forma a la percepci\u00f3 que t\u00e9 cada generaci\u00f3 sobre la viol\u00e8ncia militar i establir les bases per al reclutament futur. Del 25 al 31 d&#8217;octubre se celebrar\u00e0 la primera setmana internacional d&#8217;acci\u00f3&hellip;&nbsp;<a href=\"https:\/\/desmilitaritzem.blog.pangea.org\/ca\/2014\/09\/01\/25-31-doctubre-uneix-te-a-la-nostra-setmana-daccio-per-una-educacio-i-investigacio-lliures-del-militarisme\/\" rel=\"bookmark\">Read More &raquo;<span class=\"screen-reader-text\">25 &#8211; 31 d&#8217;octubre: Uneix-te a la nostra setmana d&#8217;acci\u00f3 per una educaci\u00f3 i investigaci\u00f3 lliures del militarisme<\/span><\/a><\/p>\n","protected":false},"author":705,"featured_media":0,"comment_status":"open","ping_status":"open","sticky":false,"template":"","format":"standard","meta":{"neve_meta_sidebar":"","neve_meta_container":"","neve_meta_enable_content_width":"","neve_meta_content_width":0,"neve_meta_title_alignment":"","neve_meta_author_avatar":"","neve_post_elements_order":"","neve_meta_disable_header":"","neve_meta_disable_footer":"","neve_meta_disable_title":"","jetpack_post_was_ever_published":false,"_jetpack_newsletter_access":"","_jetpack_dont_email_post_to_subs":false,"_jetpack_newsletter_tier_id":0,"_jetpack_memberships_contains_paywalled_content":false,"_jetpack_memberships_contains_paid_content":false,"footnotes":"","jetpack_publicize_message":"","jetpack_publicize_feature_enabled":true,"jetpack_social_post_already_shared":false,"jetpack_social_options":{"image_generator_settings":{"template":"highway","default_image_id":0,"font":"","enabled":false},"version":2}},"categories":[32],"tags":[],"class_list":["post-1310","post","type-post","status-publish","format-standard","hentry","category-principal"],"jetpack_publicize_connections":[],"jetpack_featured_media_url":"","jetpack_sharing_enabled":true,"jetpack_shortlink":"https:\/\/wp.me\/p1W1mN-l8","jetpack-related-posts":[],"_links":{"self":[{"href":"https:\/\/desmilitaritzem.blog.pangea.org\/ca\/wp-json\/wp\/v2\/posts\/1310","targetHints":{"allow":["GET"]}}],"collection":[{"href":"https:\/\/desmilitaritzem.blog.pangea.org\/ca\/wp-json\/wp\/v2\/posts"}],"about":[{"href":"https:\/\/desmilitaritzem.blog.pangea.org\/ca\/wp-json\/wp\/v2\/types\/post"}],"author":[{"embeddable":true,"href":"https:\/\/desmilitaritzem.blog.pangea.org\/ca\/wp-json\/wp\/v2\/users\/705"}],"replies":[{"embeddable":true,"href":"https:\/\/desmilitaritzem.blog.pangea.org\/ca\/wp-json\/wp\/v2\/comments?post=1310"}],"version-history":[{"count":6,"href":"https:\/\/desmilitaritzem.blog.pangea.org\/ca\/wp-json\/wp\/v2\/posts\/1310\/revisions"}],"predecessor-version":[{"id":1335,"href":"https:\/\/desmilitaritzem.blog.pangea.org\/ca\/wp-json\/wp\/v2\/posts\/1310\/revisions\/1335"}],"wp:attachment":[{"href":"https:\/\/desmilitaritzem.blog.pangea.org\/ca\/wp-json\/wp\/v2\/media?parent=1310"}],"wp:term":[{"taxonomy":"category","embeddable":true,"href":"https:\/\/desmilitaritzem.blog.pangea.org\/ca\/wp-json\/wp\/v2\/categories?post=1310"},{"taxonomy":"post_tag","embeddable":true,"href":"https:\/\/desmilitaritzem.blog.pangea.org\/ca\/wp-json\/wp\/v2\/tags?post=1310"}],"curies":[{"name":"wp","href":"https:\/\/api.w.org\/{rel}","templated":true}]}}