{"id":1336,"date":"2014-10-27T08:21:05","date_gmt":"2014-10-27T07:21:05","guid":{"rendered":"http:\/\/desmilitaritzem.blog.pangea.org\/?p=1336"},"modified":"2014-10-27T11:27:46","modified_gmt":"2014-10-27T10:27:46","slug":"la-guerra-no-es-la-resposta","status":"publish","type":"post","link":"https:\/\/desmilitaritzem.blog.pangea.org\/ca\/2014\/10\/27\/la-guerra-no-es-la-resposta\/","title":{"rendered":"La guerra no \u00e9s la resposta: resisteix la militaritzaci\u00f3 de la joventut! #milifreeedu"},"content":{"rendered":"<p style=\"text-align: right\"><strong>Una crida a l\u2019acci\u00f3: Del 25 al 31 d\u2019octubre se celebra la primera setmana internacional d\u2019acci\u00f3 per una educaci\u00f3 i investigaci\u00f3 cient\u00edfica lliures del militarisme: un esfor\u00e7 concertat d\u2019acci\u00f3 antimilitarista a nivell mundial per conscienciar i desafiar el paper que l\u2019ex\u00e8rcit exerceix en l\u2019educaci\u00f3, aix\u00ed com donar veu a les possibles alternatives.<\/strong><\/p>\n<p style=\"text-align: justify\">Des del moment que neixen, menors i joves a tot el m\u00f3n estan exposats a les forces armades i als valors militars que els envolten. Se&#8217;ls ensenya que les forces armades i la viol\u00e8ncia poden resoldre els problemes.<\/p>\n<p style=\"text-align: justify\">A aix\u00f2 \u00e9s al que diem la militaritzaci\u00f3 de la joventut<\/p>\n<p style=\"text-align: justify\">En alguns pa\u00efsos, aquesta militaritzaci\u00f3 \u00e9s visible i evident: joves (principalment, encara que no exclusivament, homes) s\u00f3n obligats a unir-se a l&#8217;ex\u00e8rcit a trav\u00e9s del reclutament. Aix\u00f2 pot incloure reclutament for\u00e7at o reclutament de nens i nenes.<\/p>\n<p style=\"text-align: justify\">En molts llocs m\u00e9s, fins i tot on el reclutament ha estat susp\u00e8s o abolit, els governs, traficants d&#8217;armes i altres que es beneficien amb la guerra tenen un inter\u00e8s particular en adoctrinar joves perqu\u00e8 vegin les accions militars com una cosa positiva, perqu\u00e8 &#8211; ara i en el futur &#8211; acceptin la guerra, ja sigui participant ells mateixos, votant per governs que emprenguin guerres, permetent que els seus impostos es facin servir en lliurar guerres. En aquests contextos, els que tenen el poder no recluten els cossos de les joves: recluten les seves ments i els seus diners.<\/p>\n<p style=\"text-align: justify\"><img loading=\"lazy\" decoding=\"async\" class=\"aligncenter\" src=\"http:\/\/www.wri-irg.org\/es\/system\/files\/la%20foto%202%281%29.img_assist_custom-410x306.JPG\" alt=\"\" width=\"410\" height=\"306\" \/><\/p>\n<h6 style=\"text-align: center\">Nens a una pla\u00e7a Ciutat de M\u00e8xic en la desfilada de l&#8217;ex\u00e8rcit. Foto: Igor SEKE<\/h6>\n<p style=\"text-align: justify\">La militaritzaci\u00f3 de joves inclou reclutament obert per part de l&#8217;estat o per forces no estatals, perqu\u00e8 les persones s&#8217;uneixin a les forces armades de manera aparentment volunt\u00e0ria. Per\u00f2 hi ha molt m\u00e9s en tot aix\u00f2.<\/p>\n<p style=\"text-align: justify\">La militaritzaci\u00f3 inclou la pres\u00e8ncia i influ\u00e8ncia de les forces armades en educ<img loading=\"lazy\" decoding=\"async\" class=\"alignleft\" src=\"http:\/\/upload.wikimedia.org\/wikipedia\/commons\/thumb\/c\/cc\/Five-year-old_Evan_Moriarty_Make-A-Wish_Foundation.jpg\/320px-Five-year-old_Evan_Moriarty_Make-A-Wish_Foundation.jpg\" alt=\"\" width=\"320\" height=\"245\" \/>aci\u00f3 (incloent l&#8217;obligaci\u00f3 a menor a realitzar entrenament militar a les escoles) mitjans socials, grups juvenils, activitats militars p\u00fabliques com desfilades i commemoracions en els carrers. Celebra al guerrer mascul\u00ed fort, que se sacrifica, i es recolza en la idea d&#8217;un enemic, del qual les nostres comunitats (en general identificades com a dones) han de ser protegides.<\/p>\n<p style=\"text-align: justify\">Joguines i v\u00eddeos amb tem\u00e0tiques militars s\u00f3n usats per empreses d&#8217;armes i els que recluten per a la mili per atraure joves a seguir una carrera tant en la ind\u00fastria de les armes o en l&#8217;ex\u00e8rcit. La moda i l&#8217;entreteniment militar en pel\u00b7l\u00edcules, televisi\u00f3, fins i tot m\u00fasica forma part de la campanya contra la cr\u00edtica de la viol\u00e8ncia organitzada.<\/p>\n<p style=\"text-align: justify\">Aquestes diferents forces porten a joves a acceptar les forces militars com a normals, naturals, cosa que no es discuteix.<\/p>\n<p style=\"text-align: justify\">Com ho va dir Col. David Allfrey, excap d&#8217;estrat\u00e8gia de reclutament al ex\u00e8rcit brit\u00e0nic:<\/p>\n<p style=\"text-align: right\"><em>&#8220;El nostre nou model tracta de generar consci\u00e8ncia, i aix\u00f2 pren un per\u00edode de deu anys. Comen\u00e7a amb un nen de set anys que veu a un paracaigudista en un espectacle aeri i pensa &#8220;Aix\u00f2 sembla genial &#8216;. Des d&#8217;aqu\u00ed, l&#8217;ex\u00e8rcit est\u00e0 tractant de generar inter\u00e8s gota a gota &#8220;<\/em><\/p>\n<p style=\"text-align: justify\">Si alguna vegada anem a viure en comunitats pac\u00edfiques i justes, hem de trencar el cercle de ensenyar-los la guerra als joves, generaci\u00f3 rere generaci\u00f3.<\/p>\n<p style=\"text-align: justify\">Els governs saben que les escoles sovint s\u00f3n territoris oberts per a la normalitzaci\u00f3 de la guerra com una forma de vida i un mitj\u00e0 per solucionar els problemes. Aquest\u00a0r\u00e8tol d&#8217;Israel diu <em>&#8220;Quan entro a un sal\u00f3 de classes, s\u00e9 que estic preparant els ciutadans de dem\u00e0 per a la pr\u00f2xima guerra &#8216;.<\/em><\/p>\n<p style=\"text-align: justify\"><img loading=\"lazy\" decoding=\"async\" class=\"aligncenter\" src=\"http:\/\/wri-irg.org\/de\/system\/files\/1669984_671182902928230_1310382673_o.img_assist_custom-390x311.jpg\" alt=\"\" width=\"389\" height=\"311\" \/><\/p>\n<p style=\"text-align: justify\">Durant aquesta <strong><a href=\"http:\/\/desmilitaritzem.blog.pangea.org\/2014\/09\/01\/25-31-doctubre-uneix-te-a-la-nostra-setmana-daccio-per-una-educacio-i-investigacio-lliures-del-militarisme\/\" target=\"_blank\">Setmana d&#8217;acci\u00f3 per una educaci\u00f3 i investigaci\u00f3 lliures del militarisme<\/a>,<\/strong> fem una crida a joves, les seves fam\u00edlies i tutors, professorat, amigues, amics i persones preocupades en tot el m\u00f3n a recon\u00e8ixer que est\u00e0 malament permetre que les ments dels joves siguin formades perqu\u00e8 creguin que la guerra \u00e9s la resposta.<\/p>\n<p style=\"text-align: justify\">Anem a resistir i exposar les maneres en qu\u00e8 les forces armades &#8216;arriben&#8217; als joves a tot el m\u00f3n.<\/p>\n<p style=\"text-align: justify\">Et unir\u00edas a nosaltres?<\/p>\n<p style=\"text-align: justify\"><strong>Per on comen\u00e7ar<\/strong><\/p>\n<ul>\n<li>Parlar amb persones &#8211; especialment joves. Comparteix aquesta crida a l&#8217;acci\u00f3, i pregunta&#8217;ls per les seves experi\u00e8ncies de veure s\u00edmbols relacionats al militar<\/li>\n<li>Apr\u00e8n m\u00e9s sobre la militaritzaci\u00f3 de la joventut, i busca grups que estiguin actius treballant contra la militaritzaci\u00f3 de la joventut. Visita <a href=\"http:\/\/antimili-youth.net\/es\" target=\"_blank\">webs <\/a>i <a href=\"http:\/\/desmilitaritzem.blog.pangea.org\/\" target=\"_blank\">blocs<\/a> de diferents moviments i plataformes en contra de la militaritzaci\u00f3.<\/li>\n<li>Aquesta setmana \u00e9s la primera setmana d&#8217;acci\u00f3 per una educaci\u00f3 i investigaci\u00f3 lliures del militarisme &#8211; desafiant la forma en qu\u00e8 joves s\u00f3n atrets pels militars. Ajuda&#8217;ns a difondre la setmana d&#8217;acci\u00f3 &#8211; fa servir <a href=\"https:\/\/twitter.com\/hashtag\/milifreeedu?f=realtime&amp;src=hash\" target=\"_blank\">#milifreeedu <\/a>a les xarxes socials<\/li>\n<\/ul>\n<p style=\"text-align: justify\">Nota: fins a aqu\u00ed, aquest escrit ho signen 24 entitats i plataformes de 16 pa\u00efsos i estats al voltant del m\u00f3n (<a href=\"http:\/\/www.wri-irg.org\/es\/node\/23863\" target=\"_blank\">veure m\u00e9s<\/a>).<\/p>\n<p style=\"text-align: justify\"><strong>A Catalunya<\/strong> Des de l&#8217;any 2008 i arran de la trobada d&#8217;entitats pacifistes i a favor d&#8217;una educaci\u00f3 transformadora en el context del F\u00f2rum Social Catal\u00e0, es va crear la campanya <a href=\"http:\/\/desmilitaritzem.blog.pangea.org\" target=\"_blank\">Desmilitaritzem l&#8217;Educaci\u00f3.<\/a><\/p>\n<p style=\"text-align: justify\">La campanya Desmilitaritzem l\u2019Educaci\u00f3 est\u00e0 formada per\u00a0mes de quaranta\u00a0<a href=\"http:\/\/desmilitaritzem.blog.pangea.org\/?p=227\" target=\"_self\">entitats<\/a> vinculades al foment de la Pau i a l\u2019educaci\u00f3.\u00a0 El principal objectiu de la campanya \u00e9s denunciar la creixent pres\u00e8ncia de l\u2019ex\u00e8rcit en espais educatius, tant formals com informals i no formals<strong>.<\/strong><\/p>\n<p style=\"text-align: justify\">S&#8217;han realitzat diverses <a href=\"http:\/\/desmilitaritzem.blog.pangea.org\/tag\/accio\/\" target=\"_blank\">accions<\/a> simb\u00f2liques i de protesta per la pres\u00e8ncia de l&#8217;ex\u00e8rcit en el <a href=\"http:\/\/desmilitaritzem.blog.pangea.org\/2014\/03\/17\/protesta-contra-la-presencia-de-lexercit-al-salo-de-lensenyament\/\" target=\"_blank\">Sal\u00f3 de l&#8217;Ensenyament<\/a>, el <a href=\"http:\/\/desmilitaritzem.blog.pangea.org\/2013\/12\/27\/denunciem-la-presencia-de-lexercit-en-el-festival-de-la-infancia\/\" target=\"_blank\">Festival de la Inf\u00e0ncia<\/a> i el <a href=\"http:\/\/aixihopenso.blogspot.com.es\/2011\/03\/desmilitaritzem-leducacio-accio-1r.html\" target=\"_blank\">F\u00f2rum de la FP i l&#8217;Ocupaci\u00f3<\/a> (Tarragona)<\/p>\n<p style=\"text-align: justify\"><img loading=\"lazy\" decoding=\"async\" class=\"aligncenter\" src=\"http:\/\/2.bp.blogspot.com\/-1SXbpweNrhI\/TYJ9xKyZWqI\/AAAAAAAAWX8\/BhvpFqjmQxM\/s400\/100_6717.JPG\" alt=\"\" width=\"400\" height=\"300\" \/><\/p>\n<p style=\"text-align: justify\">Tamb\u00e9 s&#8217;ha sol\u00b7licitat a la consellera d&#8217;Ensenyament <a href=\"http:\/\/desmilitaritzem.blog.pangea.org\/2014\/03\/11\/lexercit-recluta-joves-en-el-salo-de-lensenyament-2014\/\" target=\"_blank\">Irene Rigau<\/a> i a la <a href=\"http:\/\/desmilitaritzem.blog.pangea.org\/2012\/12\/19\/peticio\/\" target=\"_blank\">Sra. Helena Rakosnik<\/a>, com a presidenta del Festival de la Inf\u00e0ncia, retirin la invitaci\u00f3 a participar de les fires i salons a totes les forces armades per considera que la seva pres\u00e8ncia contrav\u00e9 els valors i actituds que s&#8217;anuncien en la convocat\u00f2ria de cada esdeveniment.<\/p>\n<p style=\"text-align: justify\"><span style=\"color: #000000\">Des del convenciment que la missi\u00f3 de les institucions i els agents educatius \u00e9s el foment de la cultura, la ci\u00e8ncia i els valors de la conviv\u00e8ncia i la diversitat, creiem que ex\u00e8rcit i educaci\u00f3 s\u00f3n conceptes manifestament antag\u00f2nics.<\/span><\/p>\n<p style=\"text-align: justify\"><span style=\"color: #000000\">Quins valors<img loading=\"lazy\" decoding=\"async\" class=\"alignright\" style=\"border: 1px solid black\" src=\"http:\/\/farm1.static.flickr.com\/48\/168378489_0014616cfe_b.jpg\" alt=\"\" width=\"185\" height=\"276\" \/> educatius transmeten els ex\u00e8rcits? Quins s\u00f3n els veritables interessos que hi ha darrera de les seves funcions \u201chumanit\u00e0ries i solid\u00e0ries\u201d?<\/span><\/p>\n<p style=\"text-align: justify\"><span style=\"color: #000000\">Quina educaci\u00f3 per a la ciutadania es fomenta des d\u2019una cultura de la defensa, avalada pel Ministeri d\u2019Exteriors i pel Ministeri de Defensa, i permesa des de la conselleria d&#8217;Ensenyament i altres inst\u00e0ncies p\u00fabliques que autoritzen l&#8217;acc\u00e9s de la propaganda militar a espais educatius?<\/span><\/p>\n<p style=\"text-align: justify\"><span style=\"color: #000000\">Ens preguntem si s\u2019adoptaran les mesures coherents amb <\/span><span style=\"color: #000000\">la <\/span><span style=\"color: #000000\">pol\u00edtic<\/span><span style=\"color: #000000\">a<\/span><span style=\"color: #000000\"> educativa pels valors de la pau i de la noviol\u00e8ncia<\/span><span style=\"color: #000000\"> del govern catal\u00e0 en la qual l\u2019<a href=\"http:\/\/desmilitaritzem.blog.pangea.org\/enlaces\/\" target=\"_blank\">Educaci\u00f3 per la Pau i la Coeducaci\u00f3<\/a> siguin elements fonamentals\u00a0 dins dels curr\u00edculums educatius.<\/span><\/p>\n<p style=\"text-align: justify\"><span style=\"color: #000000\">Volem educar sense viol\u00e8ncia! Les Armes no Eduquen, Les Armes Maten. <\/span><\/p>\n<p style=\"text-align: justify\">Desmilitaritzem l&#8217;Educaci\u00f3<\/p>\n\n<!-- iframe plugin v.6.0 wordpress.org\/plugins\/iframe\/ -->\n<iframe loading=\"lazy\" width=\"560\" height=\"315\" src=\"\/\/www.youtube.com\/embed\/gbuQvFVP8gs?t=4m49s\" frameborder=\"0\" 0=\"allowfullscreen&gt;&lt;\/iframe\" scrolling=\"yes\" class=\"iframe-class\"><\/iframe>\n\n","protected":false},"excerpt":{"rendered":"<p>Una crida a l\u2019acci\u00f3: Del 25 al 31 d\u2019octubre se celebra la primera setmana internacional d\u2019acci\u00f3 per una educaci\u00f3 i investigaci\u00f3 cient\u00edfica lliures del militarisme: un esfor\u00e7 concertat d\u2019acci\u00f3 antimilitarista a nivell mundial per conscienciar i desafiar el paper que l\u2019ex\u00e8rcit exerceix en l\u2019educaci\u00f3, aix\u00ed com donar veu a les possibles alternatives. Des del moment&hellip;&nbsp;<a href=\"https:\/\/desmilitaritzem.blog.pangea.org\/ca\/2014\/10\/27\/la-guerra-no-es-la-resposta\/\" rel=\"bookmark\">Read More &raquo;<span class=\"screen-reader-text\">La guerra no \u00e9s la resposta: resisteix la militaritzaci\u00f3 de la joventut! #milifreeedu<\/span><\/a><\/p>\n","protected":false},"author":705,"featured_media":0,"comment_status":"open","ping_status":"open","sticky":false,"template":"","format":"standard","meta":{"neve_meta_sidebar":"","neve_meta_container":"","neve_meta_enable_content_width":"","neve_meta_content_width":0,"neve_meta_title_alignment":"","neve_meta_author_avatar":"","neve_post_elements_order":"","neve_meta_disable_header":"","neve_meta_disable_footer":"","neve_meta_disable_title":"","jetpack_post_was_ever_published":false,"_jetpack_newsletter_access":"","_jetpack_dont_email_post_to_subs":false,"_jetpack_newsletter_tier_id":0,"_jetpack_memberships_contains_paywalled_content":false,"_jetpack_memberships_contains_paid_content":false,"footnotes":"","jetpack_publicize_message":"","jetpack_publicize_feature_enabled":true,"jetpack_social_post_already_shared":false,"jetpack_social_options":{"image_generator_settings":{"template":"highway","default_image_id":0,"font":"","enabled":false},"version":2}},"categories":[32],"tags":[],"class_list":["post-1336","post","type-post","status-publish","format-standard","hentry","category-principal"],"jetpack_publicize_connections":[],"jetpack_featured_media_url":"","jetpack_sharing_enabled":true,"jetpack_shortlink":"https:\/\/wp.me\/p1W1mN-ly","jetpack-related-posts":[],"_links":{"self":[{"href":"https:\/\/desmilitaritzem.blog.pangea.org\/ca\/wp-json\/wp\/v2\/posts\/1336","targetHints":{"allow":["GET"]}}],"collection":[{"href":"https:\/\/desmilitaritzem.blog.pangea.org\/ca\/wp-json\/wp\/v2\/posts"}],"about":[{"href":"https:\/\/desmilitaritzem.blog.pangea.org\/ca\/wp-json\/wp\/v2\/types\/post"}],"author":[{"embeddable":true,"href":"https:\/\/desmilitaritzem.blog.pangea.org\/ca\/wp-json\/wp\/v2\/users\/705"}],"replies":[{"embeddable":true,"href":"https:\/\/desmilitaritzem.blog.pangea.org\/ca\/wp-json\/wp\/v2\/comments?post=1336"}],"version-history":[{"count":6,"href":"https:\/\/desmilitaritzem.blog.pangea.org\/ca\/wp-json\/wp\/v2\/posts\/1336\/revisions"}],"predecessor-version":[{"id":1346,"href":"https:\/\/desmilitaritzem.blog.pangea.org\/ca\/wp-json\/wp\/v2\/posts\/1336\/revisions\/1346"}],"wp:attachment":[{"href":"https:\/\/desmilitaritzem.blog.pangea.org\/ca\/wp-json\/wp\/v2\/media?parent=1336"}],"wp:term":[{"taxonomy":"category","embeddable":true,"href":"https:\/\/desmilitaritzem.blog.pangea.org\/ca\/wp-json\/wp\/v2\/categories?post=1336"},{"taxonomy":"post_tag","embeddable":true,"href":"https:\/\/desmilitaritzem.blog.pangea.org\/ca\/wp-json\/wp\/v2\/tags?post=1336"}],"curies":[{"name":"wp","href":"https:\/\/api.w.org\/{rel}","templated":true}]}}