{"id":148,"date":"2009-03-08T04:15:50","date_gmt":"2009-03-08T03:15:50","guid":{"rendered":"http:\/\/desmilitaritzem.blog.pangea.org\/?p=148"},"modified":"2013-06-13T03:00:47","modified_gmt":"2013-06-13T01:00:47","slug":"carta-al-conseller-deducacio","status":"publish","type":"post","link":"https:\/\/desmilitaritzem.blog.pangea.org\/ca\/2009\/03\/08\/carta-al-conseller-deducacio\/","title":{"rendered":"Carta al Conseller d&#8217;Educaci\u00f3"},"content":{"rendered":"<p style=\"text-align: center\">\n<p style=\"text-align: center\">\n<p style=\"text-align: justify\">Enguany, des de la campanya Desmilitaritzem l&#8217;Educaci\u00f3, volem convidar-te que tu tamb\u00e9 facis saber al Departament d&#8217;Educaci\u00f3 el teu rebuig a la pres\u00e8ncia de <a href=\"http:\/\/www.ensenyament.com\/portal\/appmanager\/efiraSalones\/S085009?_nfpb=true&amp;_windowLabel=T39400890631235389310982&amp;T39400890631235389310982_actionOverride=%2Fportlets%2Ffol%2FExhibitorList%2Fmicrosite&amp;T39400890631235389310982idExhibitorSelected=1426964\" target=\"_blank\">l&#8217;ex\u00e8rcit en el Sal\u00f3 de l&#8217;Ensenyament<\/a>.<\/p>\n<p style=\"text-align: justify\">La seg\u00fcent carta va dirigida al Conseller del Departament d&#8217;Educaci\u00f3, qui coordina a trav\u00e9s del Departament d&#8217;Innovaci\u00f3, Universitats i Empresa les activitats del Sal\u00f3.<\/p>\n<p style=\"text-align: center\"><img loading=\"lazy\" decoding=\"async\" data-attachment-id=\"268\" data-permalink=\"https:\/\/desmilitaritzem.blog.pangea.org\/ca\/qui-som\/linea\/\" data-orig-file=\"https:\/\/desmilitaritzem.blog.pangea.org\/files\/\/home\/httpd\/htdocs\/wordpress-mu\/wp-content\/blogs.dir\/16\/files\/\/2009\/03\/linea.png\" data-orig-size=\"1300,15\" data-comments-opened=\"1\" data-image-meta=\"{&quot;aperture&quot;:&quot;0&quot;,&quot;credit&quot;:&quot;&quot;,&quot;camera&quot;:&quot;&quot;,&quot;caption&quot;:&quot;&quot;,&quot;created_timestamp&quot;:&quot;0&quot;,&quot;copyright&quot;:&quot;&quot;,&quot;focal_length&quot;:&quot;0&quot;,&quot;iso&quot;:&quot;0&quot;,&quot;shutter_speed&quot;:&quot;0&quot;,&quot;title&quot;:&quot;&quot;}\" data-image-title=\"linea\" data-image-description=\"\" data-image-caption=\"\" data-large-file=\"https:\/\/desmilitaritzem.blog.pangea.org\/files\/\/home\/httpd\/htdocs\/wordpress-mu\/wp-content\/blogs.dir\/16\/files\/\/2009\/03\/linea.png\" class=\"size-full wp-image-268 aligncenter\" src=\"http:\/\/desmilitaritzem.blog.pangea.org\/files\/2009\/03\/linea.png\" alt=\"\" width=\"500\" height=\"5\" \/><\/p>\n<p style=\"text-align: center\"><em>Benvolgut conseller:<\/em><\/p>\n<p style=\"text-align: justify\"><em>Entre els propers dies 17 al 21 de mar\u00e7 se celebrar\u00e0 el Sal\u00f3 de l\u2019Ensenyament 2010, organitzat per Fira de Barcelona i coordinat pel Departament que vost\u00e8 dirigeix.<\/em><\/p>\n<p style=\"text-align: justify\"><em>Davant la reiterada pres\u00e8ncia de l&#8217;ex\u00e8rcit en aquest Sal\u00f3, li manifestem el nostre desacord i li demanem:<\/em><\/p>\n<p style=\"text-align: justify\"><em>1.- Que faci una declaraci\u00f3 p\u00fablica i ferma del que pensa com a conseller sobre la pres\u00e8ncia de forces armades en \u00e0mbits educatius<\/em><\/p>\n<p style=\"text-align: justify\"><em>2.- Que el seu Departament prengui mesures coherents amb la pol\u00edtica pacifista del govern de Catalunya i no permeti la inclusi\u00f3 de cap cos armat dins del Sal\u00f2 de l\u2019Ensenyament.<\/em><\/p>\n<p style=\"text-align: justify\"><em>3.- Que rebutgi qualsevol pres\u00e8ncia de cossos armats als espais educatius. Pensem que ja ha arribat el moment per acabar definitivament amb aquesta situaci\u00f3.<\/em><\/p>\n<p style=\"text-align: justify\"><em>Atentament,<\/em><\/p>\n<p style=\"text-align: center\"><img loading=\"lazy\" decoding=\"async\" data-attachment-id=\"268\" data-permalink=\"https:\/\/desmilitaritzem.blog.pangea.org\/ca\/qui-som\/linea\/\" data-orig-file=\"https:\/\/desmilitaritzem.blog.pangea.org\/files\/\/home\/httpd\/htdocs\/wordpress-mu\/wp-content\/blogs.dir\/16\/files\/\/2009\/03\/linea.png\" data-orig-size=\"1300,15\" data-comments-opened=\"1\" data-image-meta=\"{&quot;aperture&quot;:&quot;0&quot;,&quot;credit&quot;:&quot;&quot;,&quot;camera&quot;:&quot;&quot;,&quot;caption&quot;:&quot;&quot;,&quot;created_timestamp&quot;:&quot;0&quot;,&quot;copyright&quot;:&quot;&quot;,&quot;focal_length&quot;:&quot;0&quot;,&quot;iso&quot;:&quot;0&quot;,&quot;shutter_speed&quot;:&quot;0&quot;,&quot;title&quot;:&quot;&quot;}\" data-image-title=\"linea\" data-image-description=\"\" data-image-caption=\"\" data-large-file=\"https:\/\/desmilitaritzem.blog.pangea.org\/files\/\/home\/httpd\/htdocs\/wordpress-mu\/wp-content\/blogs.dir\/16\/files\/\/2009\/03\/linea.png\" class=\"size-full wp-image-268 aligncenter\" src=\"http:\/\/desmilitaritzem.blog.pangea.org\/files\/2009\/03\/linea.png\" alt=\"\" width=\"500\" height=\"5\" \/><\/p>\n<p style=\"text-align: justify\">Pots signar-la i enviar-la de manera individual o, si el centre educatiu, entitat o associaci\u00f3 del que formes part hi est\u00e0 d&#8217;acord, fer-ho a nom col\u00b7lectiu.<\/p>\n<p style=\"text-align: justify\">Nom\u00e9s necessites fer clic en la imatge del sobre:<\/p>\n<p style=\"text-align: center\"><a href=\"mailto:conseller.educacio@gencat.net?CC=desmilitaritzem@gmail.com&amp;bcc=desmilitaritzem@gmail.com&amp;subject=Desmilitaritzem%20el%20Sal%F2%20de%20l%27Ensenyament%202009&amp;body=Benvolgut%20conseller%3A%0A%0AEntre%20els%20propers%20dies%2017%20al%2021%20de%20mar%E7%20se%20celebrar%E0%20el%20Sal%F2%20de%20l%27Ensenyament%202010%2C%20organitzat%20per%20Fira%20de%20Barcelona%20i%20coordinat%20pel%20Departament%20que%20vost%E8%20dirigeix%2E%0A%0ADavant%20la%20reiterada%20pres%E8ncia%20de%20l%27ex%E8rcit%20en%20aquest%20Sal%F3%2C%20li%20manifestem%20el%20nostre%20desacord%20i%20li%20demanem%3A%0A%0A1%2E%2D%20Que%20faci%20una%20declaraci%F3%20p%FAblica%20i%20ferma%20del%20que%20pensa%20com%20a%20conseller%20sobre%20la%20pres%E8ncia%20de%20forces%20armades%20en%20%E0mbits%20educatius%2E%0A%0A2%2E%2D%20Que%20el%20seu%20Departament%20prengui%20mesures%20coherents%20amb%20la%20pol%EDtica%20pacifista%20del%20govern%20de%20Catalunya%20i%20no%20permeti%20la%20inclusi%F3%20de%20cap%20cos%20armat%20dins%20del%20Sal%F2%20de%20l%27Ensenyament%2E%0A%0A3%2E%2D%20Que%20rebutgi%20qualsevol%20pres%E8ncia%20de%20cossos%20armats%20als%20espais%20educatius%2E%20Pensem%20que%20ja%20ha%20arribat%20el%20moment%20per%20acabar%20definitivament%20amb%20aquesta%20situaci%F3%2E%0A%0AAtentament%2C\" target=\"_blank\"><img loading=\"lazy\" decoding=\"async\" data-attachment-id=\"324\" data-permalink=\"https:\/\/desmilitaritzem.blog.pangea.org\/ca\/2009\/03\/08\/carta-al-conseller-deducacio\/sobre\/\" data-orig-file=\"https:\/\/desmilitaritzem.blog.pangea.org\/files\/\/home\/httpd\/htdocs\/wordpress-mu\/wp-content\/blogs.dir\/16\/files\/\/2009\/03\/sobre.jpg\" data-orig-size=\"240,240\" data-comments-opened=\"1\" data-image-meta=\"{&quot;aperture&quot;:&quot;0&quot;,&quot;credit&quot;:&quot;&quot;,&quot;camera&quot;:&quot;&quot;,&quot;caption&quot;:&quot;&quot;,&quot;created_timestamp&quot;:&quot;0&quot;,&quot;copyright&quot;:&quot;&quot;,&quot;focal_length&quot;:&quot;0&quot;,&quot;iso&quot;:&quot;0&quot;,&quot;shutter_speed&quot;:&quot;0&quot;,&quot;title&quot;:&quot;&quot;}\" data-image-title=\"sobre\" data-image-description=\"\" data-image-caption=\"\" data-large-file=\"https:\/\/desmilitaritzem.blog.pangea.org\/files\/\/home\/httpd\/htdocs\/wordpress-mu\/wp-content\/blogs.dir\/16\/files\/\/2009\/03\/sobre.jpg\" class=\"size-medium wp-image-324 alignnone\" src=\"http:\/\/desmilitaritzem.blog.pangea.org\/files\/2009\/03\/sobre.jpg\" alt=\"\" width=\"144\" height=\"145\" \/><\/a><\/p>\n<h5 style=\"text-align: center\"><a href=\"http:\/\/desmilitaritzem.blog.pangea.org\/?p=347\">(problemes?)<\/a><\/h5>\n<p style=\"text-align: justify\">S&#8217;obrir\u00e0 el teu gestor de correu i haur\u00e0s de signar a baix de tot. Despr\u00e8s clica a &#8220;enviar&#8221;.<\/p>\n<p style=\"text-align: justify\">Moltes gr\u00e0cies.<\/p>\n<p style=\"text-align: center\"><!--[if !mso]&gt; &lt;!  v\\:* {behavior:url(#default#VML);} o\\:* {behavior:url(#default#VML);} w\\:* {behavior:url(#default#VML);} .shape {behavior:url(#default#VML);} --><\/p>\n<table border=\"0\" cellspacing=\"0\" cellpadding=\"0\">\n<tbody>\n<tr>\n<td width=\"92\">\n<h2 style=\"text-align: justify\"><a href=\"http:\/\/desmilitaritzem.blog.pangea.org\/?p=347\"><img loading=\"lazy\" decoding=\"async\" data-attachment-id=\"394\" data-permalink=\"https:\/\/desmilitaritzem.blog.pangea.org\/ca\/2009\/03\/08\/carta-al-conseller-deducacio\/boton\/\" data-orig-file=\"https:\/\/desmilitaritzem.blog.pangea.org\/files\/\/home\/httpd\/htdocs\/wordpress-mu\/wp-content\/blogs.dir\/16\/files\/\/2009\/03\/boton.png\" data-orig-size=\"200,200\" data-comments-opened=\"1\" data-image-meta=\"{&quot;aperture&quot;:&quot;0&quot;,&quot;credit&quot;:&quot;&quot;,&quot;camera&quot;:&quot;&quot;,&quot;caption&quot;:&quot;&quot;,&quot;created_timestamp&quot;:&quot;0&quot;,&quot;copyright&quot;:&quot;&quot;,&quot;focal_length&quot;:&quot;0&quot;,&quot;iso&quot;:&quot;0&quot;,&quot;shutter_speed&quot;:&quot;0&quot;,&quot;title&quot;:&quot;&quot;}\" data-image-title=\"boton\" data-image-description=\"\" data-image-caption=\"\" data-large-file=\"https:\/\/desmilitaritzem.blog.pangea.org\/files\/\/home\/httpd\/htdocs\/wordpress-mu\/wp-content\/blogs.dir\/16\/files\/\/2009\/03\/boton.png\" class=\"size-medium wp-image-394 aligncenter\" src=\"http:\/\/desmilitaritzem.blog.pangea.org\/files\/2009\/03\/boton.png\" alt=\"\" width=\"60\" height=\"60\" \/><\/a><\/h2>\n<\/td>\n<td width=\"484\"><strong>Si no t&#8217;ha funcionat l&#8217;enlla\u00e7, entra en aquesta <a href=\"..\/..\/..\/..\/..\/?p=347\" target=\"_self\">p\u00e0gina <\/a>per a enviar la carta d&#8217;una altra manera. <\/strong><\/td>\n<\/tr>\n<\/tbody>\n<\/table>\n<h2 style=\"text-align: justify\"><span style=\"color: #3366ff\"><a href=\"#participen\"><strong> <\/strong><\/a><strong><a href=\"http:\/\/desmilitaritzem.blog.pangea.org\/?p=347\" target=\"_self\"><br \/>\n<\/a><\/strong><\/span><strong> <\/strong><\/h2>\n<p style=\"text-align: justify\">\n<p style=\"text-align: center\"><img loading=\"lazy\" decoding=\"async\" data-attachment-id=\"268\" data-permalink=\"https:\/\/desmilitaritzem.blog.pangea.org\/ca\/qui-som\/linea\/\" data-orig-file=\"https:\/\/desmilitaritzem.blog.pangea.org\/files\/\/home\/httpd\/htdocs\/wordpress-mu\/wp-content\/blogs.dir\/16\/files\/\/2009\/03\/linea.png\" data-orig-size=\"1300,15\" data-comments-opened=\"1\" data-image-meta=\"{&quot;aperture&quot;:&quot;0&quot;,&quot;credit&quot;:&quot;&quot;,&quot;camera&quot;:&quot;&quot;,&quot;caption&quot;:&quot;&quot;,&quot;created_timestamp&quot;:&quot;0&quot;,&quot;copyright&quot;:&quot;&quot;,&quot;focal_length&quot;:&quot;0&quot;,&quot;iso&quot;:&quot;0&quot;,&quot;shutter_speed&quot;:&quot;0&quot;,&quot;title&quot;:&quot;&quot;}\" data-image-title=\"linea\" data-image-description=\"\" data-image-caption=\"\" data-large-file=\"https:\/\/desmilitaritzem.blog.pangea.org\/files\/\/home\/httpd\/htdocs\/wordpress-mu\/wp-content\/blogs.dir\/16\/files\/\/2009\/03\/linea.png\" class=\"size-full wp-image-268 aligncenter\" src=\"http:\/\/desmilitaritzem.blog.pangea.org\/files\/2009\/03\/linea.png\" alt=\"\" width=\"500\" height=\"5\" \/><\/p>\n<p style=\"text-align: center\">\n<p style=\"text-align: center\"><span style=\"color: #0000ff\">Si encara no has signat el manifest de la campanya o desitges incloure a la teva entitat o organitzaci\u00f3 com associaci\u00f3 adherida, pots fer-lo fent<a href=\"http:\/\/desmilitaritzem.blog.pangea.org\/?page_id=10\" target=\"_self\"> clic aqu\u00ed <\/a><\/span><\/p>\n<p style=\"text-align: center\">\n<p style=\"text-align: center\"><a href=\"mailto:conseller.educacio@gencat.net?CC=desmilitaritzem@gmail.com&amp;bcc=desmilitaritzem@gmail.com&amp;subject=Desmilitaritzem%20l%27Educaci%F3&amp;body=Benvolgut\"><\/a><\/p>\n","protected":false},"excerpt":{"rendered":"<p>Enguany, des de la campanya Desmilitaritzem l&#8217;Educaci\u00f3, volem convidar-te que tu tamb\u00e9 facis saber al Departament d&#8217;Educaci\u00f3 el teu rebuig a la pres\u00e8ncia de l&#8217;ex\u00e8rcit en el Sal\u00f3 de l&#8217;Ensenyament. La seg\u00fcent carta va dirigida al Conseller del Departament d&#8217;Educaci\u00f3, qui coordina a trav\u00e9s del Departament d&#8217;Innovaci\u00f3, Universitats i Empresa les activitats del Sal\u00f3. Benvolgut&hellip;&nbsp;<a href=\"https:\/\/desmilitaritzem.blog.pangea.org\/ca\/2009\/03\/08\/carta-al-conseller-deducacio\/\" rel=\"bookmark\">Read More &raquo;<span class=\"screen-reader-text\">Carta al Conseller d&#8217;Educaci\u00f3<\/span><\/a><\/p>\n","protected":false},"author":27,"featured_media":0,"comment_status":"closed","ping_status":"closed","sticky":false,"template":"","format":"standard","meta":{"neve_meta_sidebar":"","neve_meta_container":"","neve_meta_enable_content_width":"","neve_meta_content_width":0,"neve_meta_title_alignment":"","neve_meta_author_avatar":"","neve_post_elements_order":"","neve_meta_disable_header":"","neve_meta_disable_footer":"","neve_meta_disable_title":"","jetpack_post_was_ever_published":false,"_jetpack_newsletter_access":"","_jetpack_dont_email_post_to_subs":false,"_jetpack_newsletter_tier_id":0,"_jetpack_memberships_contains_paywalled_content":false,"_jetpack_memberships_contains_paid_content":false,"footnotes":"","jetpack_publicize_message":"","jetpack_publicize_feature_enabled":true,"jetpack_social_post_already_shared":false,"jetpack_social_options":{"image_generator_settings":{"template":"highway","default_image_id":0,"font":"","enabled":false},"version":2}},"categories":[35],"tags":[8169],"class_list":["post-148","post","type-post","status-publish","format-standard","hentry","category-actua","tag-accio"],"jetpack_publicize_connections":[],"jetpack_featured_media_url":"","jetpack_sharing_enabled":true,"jetpack_shortlink":"https:\/\/wp.me\/p1W1mN-2o","jetpack-related-posts":[],"_links":{"self":[{"href":"https:\/\/desmilitaritzem.blog.pangea.org\/ca\/wp-json\/wp\/v2\/posts\/148","targetHints":{"allow":["GET"]}}],"collection":[{"href":"https:\/\/desmilitaritzem.blog.pangea.org\/ca\/wp-json\/wp\/v2\/posts"}],"about":[{"href":"https:\/\/desmilitaritzem.blog.pangea.org\/ca\/wp-json\/wp\/v2\/types\/post"}],"author":[{"embeddable":true,"href":"https:\/\/desmilitaritzem.blog.pangea.org\/ca\/wp-json\/wp\/v2\/users\/27"}],"replies":[{"embeddable":true,"href":"https:\/\/desmilitaritzem.blog.pangea.org\/ca\/wp-json\/wp\/v2\/comments?post=148"}],"version-history":[{"count":59,"href":"https:\/\/desmilitaritzem.blog.pangea.org\/ca\/wp-json\/wp\/v2\/posts\/148\/revisions"}],"predecessor-version":[{"id":1156,"href":"https:\/\/desmilitaritzem.blog.pangea.org\/ca\/wp-json\/wp\/v2\/posts\/148\/revisions\/1156"}],"wp:attachment":[{"href":"https:\/\/desmilitaritzem.blog.pangea.org\/ca\/wp-json\/wp\/v2\/media?parent=148"}],"wp:term":[{"taxonomy":"category","embeddable":true,"href":"https:\/\/desmilitaritzem.blog.pangea.org\/ca\/wp-json\/wp\/v2\/categories?post=148"},{"taxonomy":"post_tag","embeddable":true,"href":"https:\/\/desmilitaritzem.blog.pangea.org\/ca\/wp-json\/wp\/v2\/tags?post=148"}],"curies":[{"name":"wp","href":"https:\/\/api.w.org\/{rel}","templated":true}]}}