{"id":3505,"date":"2024-03-13T00:01:59","date_gmt":"2024-03-12T23:01:59","guid":{"rendered":"https:\/\/desmilitaritzem.blog.pangea.org\/?p=3505"},"modified":"2025-01-07T11:14:31","modified_gmt":"2025-01-07T10:14:31","slug":"si-no-volem-la-guerra-eduquem-per-a-la-pau-espais-educatius-lliures-dexercits-i-darmes-manifest-2024","status":"publish","type":"post","link":"https:\/\/desmilitaritzem.blog.pangea.org\/ca\/2024\/03\/13\/si-no-volem-la-guerra-eduquem-per-a-la-pau-espais-educatius-lliures-dexercits-i-darmes-manifest-2024\/","title":{"rendered":"Si no volem la Guerra, Eduquem per a la Pau | Espais educatius lliures d&#8217;ex\u00e8rcits i d&#8217;armes MANIFEST 2024"},"content":{"rendered":"<h4><strong>El Ministeri de Defensa es fa present en les fires i salons d&#8217;ensenyaments per a reclutar joves en moments en qu\u00e8 la ind\u00fastria militar aconsegueix r\u00e8cord hist\u00f2ric i responsables pol\u00edtics encoratgen una escalada b\u00e8l\u00b7lica<\/strong><\/h4>\n<h4><strong>A Catalunya el reclutament de l&#8217;ex\u00e8rcit es realitza en el Sal\u00f3 de l&#8217;Ensenyament de Barcelona i tamb\u00e9 en el Sal\u00f3 de l&#8217;Estudiant de Valls, FormaOcupa de Lleida i ExpoJove de Girona<\/strong><\/h4>\n<p>__________________________<\/p>\n<p>Barcelona, 13 de mar\u00e7 2024<\/p>\n<p>Aquest mat\u00ed s&#8217;inaugura a Barcelona el Sal\u00f3 de l&#8217;Ensenyament i un any m\u00e9s, l\u2019ex\u00e8rcit torna a ser present contravenint d\u2019una manera flagrant els acords democr\u00e0tics i les resolucions parlament\u00e0ries, entre d\u2019altres:<\/p>\n<ul>\n<li>la Llei de foment de la pau (2003);<\/li>\n<li>la\u00a0<a href=\"https:\/\/desmilitaritzem.blog.pangea.org\/2016\/07\/18\/mocio-55xi-del-parlament-de-catalunya-sobre-la-desmilitaritzacio-de-catalunya\/\" target=\"_blank\" rel=\"noopener\">Moci\u00f3 55\/11\u00a0Sobre la desmilitaritzaci\u00f3\u00a0de\u00a0Catalunya<\/a> (Parlament de Catalunya &#8211; 14 de\u00a0juliol de 2016)<\/li>\n<li>l&#8217;<a href=\"http:\/\/ajuntament.barcelona.cat\/sites\/default\/files\/acords_cp_260216_ca.pdf\" target=\"_blank\" rel=\"noopener\">Acord del Plenari del Consell Municipal de\u00a0Barcelona<\/a> (26\u00a0de\u00a0febrer\u00a0de\u00a02016).<\/li>\n<li>Tots aquests acords institucionals van ser aprovats per majoria absoluta.<\/li>\n<\/ul>\n<p>Aix\u00ed doncs, com cada any des del 2008, la Plataforma <strong>Desmilitaritzem l&#8217;Educaci\u00f3<\/strong> estem de nou aqu\u00ed per defensar una educaci\u00f3 basada en la cultura de la pau, el di\u00e0leg, la conviv\u00e8ncia i l&#8217;antimilitarisme. La Campanya representa la conflu\u00e8ncia de m\u00e9s de cent trenta entitats -organitzacions educatives i de l\u2019\u00e0mbit del foment de la pau- que aspirem a assolir un m\u00f3n m\u00e9s just i segur per a tothom, per\u00f2 <strong>no<\/strong> amb armes sin\u00f3 cobrint les necessitats b\u00e0siques de totes les persones i el respecte als drets humans.<\/p>\n<p>Fa dos anys des que va comen\u00e7ar la cruenta guerra a Ucra\u00efna <strong>-30.000 v\u00edctimes mortals civils i 6\u20194 milions de persones despla\u00e7ades-.<\/strong> I ja han passat cinc mesos des que Israel va iniciar el genocidi a Gaza i contra el poble palest\u00ed <strong>-30.000 v\u00edctimes mortals, gaireb\u00e9 totes civils: nenes i nens, adolescents i joves.<\/strong> Un execrable, ignomini\u00f3s i cruel atemptat contra la vida i els drets humans.<\/p>\n<p>Tots els conflictes armats que hi ha actius actualment al m\u00f3n, m\u00e9s d\u2019una trentena, evidencien m\u00e9s que mai la necessitat d\u2019educar per generar <strong>pensament cr\u00edtic envers el militarisme<\/strong> que ens aboca a la destrucci\u00f3, al patiment i a la mort. I a conseq\u00fc\u00e8ncia d\u2019aix\u00f2, els despla\u00e7aments for\u00e7ats no paren de cr\u00e9ixer per l\u2019augment dels conflictes, la intensitat de la viol\u00e8ncia, la inseguretat, l\u2019escassetat d\u2019aliments i la crisi clim\u00e0tica.<\/p>\n<p>La viol\u00e8ncia m\u00e0xima s\u2019acarnissa en les dones que pateixen agressions, violacions i vexacions de tot tipus. <strong>En tota guerra, en tot conflicte b\u00e8l\u00b7lic, el cos de la dona esdev\u00e9 camp de batalla.<\/strong><\/p>\n<p><img loading=\"lazy\" decoding=\"async\" class=\"alignleft \" src=\"https:\/\/i0.web.de\/image\/280\/33254280,pd=2\/verteidigungsministerin-ursula-leyen.jpg\" width=\"314\" height=\"209\" \/>Mentrestant, la Comissi\u00f3 Europea es prepara per a llan\u00e7ar la seva denominada<strong> Estrat\u00e8gia Industrial de Defensa<\/strong> amb m\u00e9s de 1.500 milions d&#8217;euros a disposici\u00f3 dels grans complexos armament\u00edstics que fan cada vegada m\u00e9s insegur el continent.<\/p>\n<p>Les <strong>pol\u00edtiques de l\u2019Estat espanyol<\/strong> contribueixen tamb\u00e9 a un m\u00f3n cada vegada m\u00e9s militaritzat. Segons el Centre Del\u00e0s d\u2019Estudis per la Pau, els compromisos adquirits amb l\u2019OTAN han disparat les inversions espanyoles en armament. Durant la passada legislatura, el Govern espanyol va aprovar un total de 24.139,7 milions d\u2019euros en programes d\u2019armament, incloses compres d\u2019armament a Israel per valor de 861 milions d\u2019euros. <strong>El pressupost del Ministeri de Defensa va augmentar el 2023 un 23,4% respecte l\u2019any anterior. Malauradament, un nou r\u00e8cord hist\u00f2ric.<\/strong><\/p>\n<p>Per tot aix\u00f2, denunciem que <strong>Fira de Barcelona<\/strong> hagi decidit acollir un any m\u00e9s un estand de l\u2019ex\u00e8rcit al Sal\u00f3 de l\u2019Ensenyament. <strong>Un estand tacat de sang.<\/strong><\/p>\n<p>Aix\u00ed mateix, <strong>denunciem la conniv\u00e8ncia, la inacci\u00f3 i la complicitat de les administracions p\u00fabliques (Generalitat de Catalunya i Ajuntament de Barcelona)<\/strong> per no defensar ni aplicar les mocions i resolucions aprovades contr\u00e0ries a la pres\u00e8ncia militar en espais educatius, de formaci\u00f3 o de lleure i les interpel\u00b7lem a que expliquin aquesta abdicaci\u00f3 de responsabilitats.<\/p>\n<p>La pres\u00e8ncia de l\u2019ex\u00e8rcit al Sal\u00f3 de l\u2019Ensenyament perpetua la normalitzaci\u00f3 del militarisme, mentre s&#8217;impedeix el debat sobre el model de defensa i de seguretat que la societat necessita. La viol\u00e8ncia nom\u00e9s genera m\u00e9s viol\u00e8ncia.<\/p>\n<p>Per aix\u00f2 defensem la resoluci\u00f3 no-violenta dels conflictes i els mecanismes de prevenci\u00f3, mediaci\u00f3 i cooperaci\u00f3.<\/p>\n<p>Aix\u00ed mateix, donem suport a qui deserta de la guerra*.<\/p>\n<p>Manifestem el nostre m\u00e9s profund rebuig a la pres\u00e8ncia de l\u2019ex\u00e8rcit al Sal\u00f3 de l\u2019Ensenyament de Barcelona i a la campanya de propaganda b\u00e8l\u00b7lica i de reclutament que hi desenvolupa.<\/p>\n<p>Si no volem la guerra, eduquem per a la pau!<\/p>\n<p><strong>LES ARMES NO EDUQUEN, LES ARMES MATEN<\/strong><\/p>\n<p>Desmilitaritzem l&#8217;Educaci\u00f3<\/p>\n<p><strong>* Donem tot el suport a les persones represaliades a Val\u00e8ncia el passat mes de desembre en el marc d\u2019una acci\u00f3 de den\u00fancia a la pres\u00e8ncia de l\u2019ex\u00e8rcit a ExpoJove.<\/strong><\/p>\n","protected":false},"excerpt":{"rendered":"<p>El Ministeri de Defensa es fa present en les fires i salons d&#8217;ensenyaments per a reclutar joves en moments en qu\u00e8 la ind\u00fastria militar aconsegueix r\u00e8cord hist\u00f2ric i responsables pol\u00edtics encoratgen una escalada b\u00e8l\u00b7lica A Catalunya el reclutament de l&#8217;ex\u00e8rcit es realitza en el Sal\u00f3 de l&#8217;Ensenyament de Barcelona i tamb\u00e9 en el Sal\u00f3 de&hellip;&nbsp;<a href=\"https:\/\/desmilitaritzem.blog.pangea.org\/ca\/2024\/03\/13\/si-no-volem-la-guerra-eduquem-per-a-la-pau-espais-educatius-lliures-dexercits-i-darmes-manifest-2024\/\" rel=\"bookmark\">Read More &raquo;<span class=\"screen-reader-text\">Si no volem la Guerra, Eduquem per a la Pau | Espais educatius lliures d&#8217;ex\u00e8rcits i d&#8217;armes MANIFEST 2024<\/span><\/a><\/p>\n","protected":false},"author":1115,"featured_media":3557,"comment_status":"open","ping_status":"open","sticky":false,"template":"","format":"standard","meta":{"neve_meta_sidebar":"","neve_meta_container":"","neve_meta_enable_content_width":"off","neve_meta_content_width":70,"neve_meta_title_alignment":"","neve_meta_author_avatar":"","neve_post_elements_order":"","neve_meta_disable_header":"","neve_meta_disable_footer":"","neve_meta_disable_title":"","jetpack_post_was_ever_published":false,"_jetpack_newsletter_access":"","_jetpack_dont_email_post_to_subs":false,"_jetpack_newsletter_tier_id":0,"_jetpack_memberships_contains_paywalled_content":false,"_jetpack_memberships_contains_paid_content":false,"footnotes":"","jetpack_publicize_message":"","jetpack_publicize_feature_enabled":true,"jetpack_social_post_already_shared":true,"jetpack_social_options":{"image_generator_settings":{"template":"highway","default_image_id":0,"font":"","enabled":false},"version":2}},"categories":[32],"tags":[],"class_list":["post-3505","post","type-post","status-publish","format-standard","has-post-thumbnail","hentry","category-principal"],"jetpack_publicize_connections":[],"jetpack_featured_media_url":"https:\/\/desmilitaritzem.blog.pangea.org\/files\/2024\/03\/verteidigungsministerin-ursula-leyen.jpg","jetpack_sharing_enabled":true,"jetpack_shortlink":"https:\/\/wp.me\/p1W1mN-Ux","jetpack-related-posts":[],"_links":{"self":[{"href":"https:\/\/desmilitaritzem.blog.pangea.org\/ca\/wp-json\/wp\/v2\/posts\/3505","targetHints":{"allow":["GET"]}}],"collection":[{"href":"https:\/\/desmilitaritzem.blog.pangea.org\/ca\/wp-json\/wp\/v2\/posts"}],"about":[{"href":"https:\/\/desmilitaritzem.blog.pangea.org\/ca\/wp-json\/wp\/v2\/types\/post"}],"author":[{"embeddable":true,"href":"https:\/\/desmilitaritzem.blog.pangea.org\/ca\/wp-json\/wp\/v2\/users\/1115"}],"replies":[{"embeddable":true,"href":"https:\/\/desmilitaritzem.blog.pangea.org\/ca\/wp-json\/wp\/v2\/comments?post=3505"}],"version-history":[{"count":5,"href":"https:\/\/desmilitaritzem.blog.pangea.org\/ca\/wp-json\/wp\/v2\/posts\/3505\/revisions"}],"predecessor-version":[{"id":3558,"href":"https:\/\/desmilitaritzem.blog.pangea.org\/ca\/wp-json\/wp\/v2\/posts\/3505\/revisions\/3558"}],"wp:featuredmedia":[{"embeddable":true,"href":"https:\/\/desmilitaritzem.blog.pangea.org\/ca\/wp-json\/wp\/v2\/media\/3557"}],"wp:attachment":[{"href":"https:\/\/desmilitaritzem.blog.pangea.org\/ca\/wp-json\/wp\/v2\/media?parent=3505"}],"wp:term":[{"taxonomy":"category","embeddable":true,"href":"https:\/\/desmilitaritzem.blog.pangea.org\/ca\/wp-json\/wp\/v2\/categories?post=3505"},{"taxonomy":"post_tag","embeddable":true,"href":"https:\/\/desmilitaritzem.blog.pangea.org\/ca\/wp-json\/wp\/v2\/tags?post=3505"}],"curies":[{"name":"wp","href":"https:\/\/api.w.org\/{rel}","templated":true}]}}