{"id":3647,"date":"2026-04-23T10:00:21","date_gmt":"2026-04-23T08:00:21","guid":{"rendered":"https:\/\/desmilitaritzem.blog.pangea.org\/CA\/?p=3647"},"modified":"2026-04-30T19:20:33","modified_gmt":"2026-04-30T17:20:33","slug":"exigim-la-retirada-del-programa-que-imposa-la-presencia-policial-a-instituts-publics-de-catalunya","status":"publish","type":"post","link":"https:\/\/desmilitaritzem.blog.pangea.org\/ca\/2026\/04\/23\/exigim-la-retirada-del-programa-que-imposa-la-presencia-policial-a-instituts-publics-de-catalunya\/","title":{"rendered":"Exigim la retirada del programa que imposa la pres\u00e8ncia policial a instituts p\u00fablics de Catalunya"},"content":{"rendered":"<p><a href=\"https:\/\/nextcloud.pangea.org\/apps\/forms\/s\/kc8q5GsL38JDSXBLdecy4NNp\" target=\"_blank\" rel=\"noopener\">*Formulari d\u2019adhesions a persones i col\u00b7lectius obert.<\/a><\/p>\n<h4>Des de la campanya Desmilitaritzem l&#8217;Educaci\u00f3 exigim al govern de la Generalitat de Catalunya la retirada immediata del programa imposat a diversos instituts p\u00fablics que obliga a obrir les portes dels centres de manera permanent a policies del cos de Mossos d\u2019Esquadra.<\/h4>\n<p>Considerem <strong>un desprop\u00f2sit<\/strong> l&#8217;impuls d&#8217;aquest programa que s&#8217;ha creat <strong>de manera opaca,<\/strong> sense cap mena de consulta pr\u00e8via o consens, en particular en el moment actual en el qual les reivindicacions dels equips docents per a millorar la situaci\u00f3 dels centres ha ocupat bona part del debat educatiu del curs (falta de personal, poca estabilitat en els equips, r\u00e0tios elevades, poca inversi\u00f3 en l&#8217;educaci\u00f3 inclusiva, entre altres demandes).<\/p>\n<p>El suposat objectiu plantejat (del qual nom\u00e9s hi ha informaci\u00f3 per les comunicacions period\u00edstiques aparegudes el dia d&#8217;avui), contrav\u00e9 tota la normativa i resolucions aprovades pel Parlament de Catalunya i altres instancies* a favor de la construcci\u00f3 de models de conviv\u00e8ncia en els centres basats en la transformaci\u00f3 positiva de conflictes i un horitz\u00f3 educatiu que reforci la capacitat de l&#8217;alumnat per a afrontar situacions de discrep\u00e0ncia.<\/p>\n<p>A m\u00e9s d&#8217;oposar-se als objectius pedag\u00f2gics de l&#8217;educaci\u00f3 b\u00e0sica, expressada en el Decret 175\/2022, de 27 de setembre*, advertim que la pres\u00e8ncia policial en els centres contrav\u00e9 altres drets dels joves exposats a aquest programa, especialment si la pres\u00e8ncia imposada dels agents en espais de presa de decisions educatives (com les comissions de conviv\u00e8ncia) comporta la vulneraci\u00f3 de la seva privacitat o situacions de discriminaci\u00f3 i estigmatitzaci\u00f3.<\/p>\n<p>Denunciem al mateix temps que la imposici\u00f3 del programa en aquesta fase \u201cpilot\u201d comporta tamb\u00e9 la vulneraci\u00f3 de la suposada \u201cautonomia\u201d dels centres recollida en l&#8217;Art. 13 de l&#8217;esmentat Decret i \u00e9s contraria a qualsevol escenari de governan\u00e7a democr\u00e0tica dels instituts en el qual professorat, fam\u00edlies i alumnat haurien de participar i prendre part en la presa de decisions que afecten el desenvolupament quotidi\u00e0 de l&#8217;acci\u00f3 educativa: claustre de docents, consells escolars, assemblea d&#8217;alumnat, etc.<\/p>\n<p>Des de la campanya Desmilitaritzem l&#8217;Educaci\u00f3 (en la qual participen m\u00e9s de 100 entitats, sindicats de docents, la federaci\u00f3 de fam\u00edlies, agrupacions educatives, entitats de lleure i de foment de la pau, entre altres), condemnem la deriva autorit\u00e0ria d&#8217;aquesta mena de programes que alimenten un discurs social antidemocr\u00e0tic basat en l&#8217;\u00fas de la for\u00e7a, el c\u00e0stig i la vigil\u00e0ncia, encara que s&#8217;edulcori amb paraules com a dissuasi\u00f3 o intervenci\u00f3 preventiva.<\/p>\n<p>Exigim al Departament d&#8217;Educaci\u00f3 a revertir la posada en marxa d&#8217;aquest programa i enfoqui els seus esfor\u00e7os a millorar les condicions dels centres educatius que requereixin la pres\u00e8ncia de professionals de suport (equips psicopedag\u00f2gics, socials i sanitaris) per a la millora de la conviv\u00e8ncia i el benestar de l\u2019alumnat, d&#8217;actuacions educatives obertes i amb la participaci\u00f3 democr\u00e0tica de la comunitat educativa.<\/p>\n<p>D&#8217;igual forma, reclamem al govern que realitzi totes les actuacions oportunes per a enfortir el prestigi de la professi\u00f3 docent en la societat, dedicant recursos, inversi\u00f3 i atenci\u00f3 per al col\u00b7lectiu de professorat que enfronta les dificultats cada vegada m\u00e9s complexes a les aules d&#8217;alguns centres educatius.<\/p>\n<p>A tota la comunitat educativa de Catalunya, fem una crida a posicionar-se en relaci\u00f3 a aquest programa, a compartir i debatre sobre les implicacions (de conviv\u00e8ncia, educatives, pol\u00edtiques) que comporten aquestes actuacions de la policia a l&#8217;interior dels centres educatius i a manifestar el seu rebuig en cadascun dels espais democr\u00e0tics de participaci\u00f3 i de difusi\u00f3 p\u00fablica.<\/p>\n<p>No a la pres\u00e8ncia policial a les aules.<\/p>\n<p>Centres educatius com a espais de conviv\u00e8ncia, no de vigil\u00e0ncia.<\/p>\n<p>Educaci\u00f3 i \u00fas de la for\u00e7a no s\u00f3n compatibles, fora la policia dels instituts!<\/p>\n<p>Desmilitaritzem l&#8217;Educaci\u00f3<br \/>\nLes Armes no Eduquen, Les Armes Maten<\/p>\n<p>* Llei de foment de la pau (2025); la Moci\u00f3 55\/XI Sobre la Desmilitaritzaci\u00f3 de Catalunya (Parlament de Catalunya-14\/07\/2016) o l\u2019Acord del Plenari del Consell Municipal de Barcelona (26\/02\/2016).<\/p>\n<p>** \u201cEs vol garantir que tot alumne o alumna que superi amb \u00e8xit l&#8217;educaci\u00f3 b\u00e0sica i, per tant, abast el Perfil competencial de sortida s\u00e0piga mobilitzar els aprenentatges adquirits per a respondre als principals desafiaments als quals haur\u00e0 de fer front al llarg de la seva vida:<br \/>\n\u2026.<br \/>\n&#8211; Entendre els conflictes com a elements connaturals en la vida en societat que s&#8217;han de resoldre de manera pac\u00edfica i rebutjar qualsevol expressi\u00f3 de viol\u00e8ncia masclista, LGTBI-f\u00f2bica, racista, capacitista o per qualsevol altra mena de situaci\u00f3 personal o socioecon\u00f2mica\u201d.<\/p>\n<p>Annex 1, Decret 175\/2022 Pag. 34\/518<\/p>\n<h3>Adhesions personals [626]<br \/>\nAdhesions colectives\u00a0 [218]<\/h3>\n<p><em>Actualitzat\u00a0 \u00a030\/04\/26\u00a0 19:00hs<\/em><\/p>\n<p>7deR\u00e0dio Barcelona<br \/>\nAFA Escola 30 Passos<br \/>\nAFA escola Jaume I<br \/>\nAFA ESCOLA LA MAR BELLA<br \/>\nAFA Escola La Sedeta<br \/>\nAFA Escola Muntanya del drac<br \/>\nAFA Escola Parc del Guinard\u00f3<br \/>\nAFA Escola Pr\u00e0ctiques (Barcelona)<br \/>\nAFA Escola Teresa Godes i Dom\u00e8nech<br \/>\nAFA Escola Xirinacs<br \/>\nAFA Germanes Bertomeu (Matar\u00f3)<br \/>\nAFA IE Arts<br \/>\nAFA Institut Ca n&#8217;Oriac<br \/>\nAFA Marqu\u00e8s de la Pobla de Capellades<br \/>\nAFA Ram\u00f3n y Cajal Terrassa<br \/>\nAFA S\u00ednia Parets<br \/>\nAFA Tur\u00f3 de Can Mates<br \/>\nAjuntament de Sant Mart\u00ed de Riucorb<br \/>\n\u00c0krida<br \/>\nAkwaba<br \/>\nAlternativa d\u2019Esquerres de l\u2019Hospitalet<br \/>\nAmpa IES Roda de Ber\u00e0<br \/>\n\u00c0nima Mater Associaci\u00f3<br \/>\nAsociaci\u00f3n Reacciona!<br \/>\nAssemblea 15M Sarri\u00e0 St. Gervasi<br \/>\nAssemblea d&#8217;Estudiants de Filosofia i Lletres UAB<br \/>\nAssemblea de l&#8217;Institut Laia l&#8217;Arquera<br \/>\nAssemblea de Professorat de l&#8217;Institut Montgr\u00ed<br \/>\nAssemblea de treballadores de l&#8217;Institut Eugeni d&#8217;Ors<br \/>\nAssemblea de treballadores de l&#8217;institut Neus Catal\u00e0<br \/>\nAssemblea de treballadores institut Aiguaviva<br \/>\nAssemblea Institut Escola Mar Mediterr\u00e0nia<br \/>\nAssemblea Laboral de Gr\u00e0cia &#8211; COS<br \/>\nAssemblea Vall d&#8217;Ar\u00fas<br \/>\nAssociaci\u00f3 A Bao A Qu<br \/>\nAssociaci\u00f3 Arc\u00e0dia de Can Batll\u00f3<br \/>\nAssociaci\u00f3 Ca la Dona<br \/>\nAssociaci\u00f3 Cultural el Raval &#8211; El Lokal<br \/>\nAssociaci\u00f3 d&#8217;Autors de Parets del Vall\u00e8s<br \/>\nAssociaci\u00f3 de periodisme Fora de Quadre<br \/>\nAssociaci\u00f3 de transmissi\u00f3 art\u00edstica, etnica-cultural<br \/>\nAssociaci\u00f3 Dones Juristes<br \/>\nAssociaci\u00f3 ECCIT<br \/>\nAssociaci\u00f3 Educaci\u00f3 i Lleure Ubuntu<br \/>\nAssociaci\u00f3 Germanetes Jardins d&#8217;Emma<br \/>\nAssociaci\u00f3 H\u00e8lia<br \/>\nAssociaci\u00f3 La Llamborda<br \/>\nAssociaci\u00f3 MiRu<br \/>\nAssociaci\u00f3 N\u00e0ia, laboratori social del conflicte<br \/>\nAssociaci\u00f3 per al Desenvolupament Cultural, Ambiental i Hum\u00e0 (CEHDA)<br \/>\nAssociaci\u00f3 REK CULTURAL<br \/>\nAssociaci\u00f3 Solid\u00e0ria Djouma<br \/>\nAssociacions Federades de Fam\u00edlies d&#8217;Alumnes de Catalunya &#8211; aFFaC<br \/>\nAteneu del Raval<br \/>\nAteneu Popular i Independentista la Iaia<br \/>\nAteneu Popular Octubre, Casal Independentista del Poblenou<br \/>\nAturem les Guerres Lleida<br \/>\nAUP Rub\u00ed<br \/>\nBeFreya Educa SCCL<br \/>\nBranca Studio<br \/>\nCambium Permacultura en Formaci\u00f3n<br \/>\nCampanya Aturem les Guerres<br \/>\nCan Fugarolas<br \/>\nCardedeu Vital<br \/>\nCasal Mestre<br \/>\nCasal Popular Boira Baixa de Manlleu<br \/>\nCatalunya en Com\u00fa &#8211; Comuns<br \/>\nCelr\u00e0 per Palestina<br \/>\nCentre Del\u00e0s d&#8217;Estudis per la Pau<br \/>\nCentre Jove d&#8217;Atenci\u00f3 a les Sexualitats<br \/>\nCENTRE SOCIAL DE SANTS<br \/>\nCGT<br \/>\nCGT Acci\u00f3 Feminista LGTBIQ+ Catalunya<br \/>\nCGT Educaci\u00f3<br \/>\nCGT Ensenyament Catalunya Central<br \/>\nCGT Ensenyament. Secci\u00f3 Educadores Socials<br \/>\nCGT Metro<br \/>\nCirerers Habitatge Cooperatiu<br \/>\nClub Bastos de Vic<br \/>\nCNAACAT &#8211; Comunitat NegraAfricana i Afrodescendent a Catalunya<br \/>\nCNT Ensenyament<br \/>\nCNT Ponent<br \/>\nCNT-AIT Tarragona<br \/>\nCol.lectiu A les Trinxeres<br \/>\nCol\u00b7lectiu de Professionals de Circ de Girona<br \/>\nComunistes de Catalunya &#8211; \u00c0rea d&#8217;Educaci\u00f3<br \/>\nComunitat educativa Camp de Tarragona<br \/>\nConnexi\u00f3 Papyrus<br \/>\nConsell d&#8217;Associacions de Barcelona<br \/>\nCooperativa Candela<br \/>\nCooperativa C\u00farcuma<br \/>\nCooperativa de Consum &#8220;La Vinagreta&#8221;<br \/>\nCooperativa La Tregua<br \/>\nCoordinadora d&#8217;ONG Solid\u00e0ries de les comarques gironines<br \/>\nCor Incordis<br \/>\nCorrent Roig<br \/>\nCOS &#8211; Assemblea Territorial del Barcelon\u00e8s<br \/>\nCOS Anoia Garraf Pened\u00e8s<br \/>\nCOS Educaci\u00f3<br \/>\nCUP (Candidatura d&#8217;Unitat Popular)<br \/>\nCUP Darnius<br \/>\nCUP Fem Manresa<br \/>\nDescontrol Editorial i Impremta<br \/>\nDiab\u00f2lica de Gr\u00e0cia<br \/>\nDocents080<br \/>\nDones Gr\u00e0cia Rep\u00fablica<br \/>\nDonesXDones<br \/>\nEduAlter<br \/>\nEducador Social<br \/>\nEl Cabdell<br \/>\nESCECA<br \/>\nEscola Popular Maan Yad F Yad<br \/>\nEscola, Fam\u00edlies i Pau<br \/>\nEspai Comunitari Ve\u00efnal Autogestional Can Batll\u00f3<br \/>\nEspai Jove Riera Centre<br \/>\nEsperanza Aguil\u00e0 Ducet<br \/>\nEsquerra Unida i Alternativa<br \/>\nFederaci\u00f3 de Casals de Joves de Catalunya<br \/>\nFem Sant Antoni<br \/>\nFeministes Anticapitalistes dels Pa\u00efsos Catalans<br \/>\nFeministes de Gr\u00e0cia<br \/>\nFETS-Finan\u00e7ament \u00c8tic i Solidari<br \/>\nForn de teatre Pa&#8217;tothom<br \/>\nForo por la Memoria de Le\u00f3n<br \/>\nFotomovimiento<br \/>\nFundaci\u00f3 Gun\u00e9<br \/>\nFundaci\u00f3 Intered<br \/>\nFundaci\u00f3 Neus Catal\u00e0 &#8211; Projecte Abril<br \/>\nFundaci\u00f3 Salvador Segui<br \/>\nFundiPau<br \/>\nGDIF<br \/>\nGeganters de la Barceloneta<br \/>\nGodall Edicions<br \/>\nGOGARA<br \/>\nGr\u00e0cia Rep\u00fablica<br \/>\nGrup de Recerca sobre Aprenentatge entre Iguals<br \/>\nGrup de treball Educaci\u00f3 Ecosocial<br \/>\nGrup de Treball En Defensa De La Sanitat P\u00fablica. TGN<br \/>\nGrup de treball ICE de l&#8217;UdG Brigada Rosa per una educaci\u00f3 interseccional<br \/>\nGrup Eirene<br \/>\nGrup Feminista de Ponent<br \/>\nGrup Habitatge Sants<br \/>\nGrup Unesco Escola Joan Pelegri<br \/>\nIAC (INTERSINDICAL ALTERNATIVA DE CATALUNYA)<br \/>\nIE Feixes<br \/>\nInfermeres Feministes<br \/>\nIns Jaume Almera<br \/>\nIns vilablareix<br \/>\nINSTITUT ALT PENED\u00c8S<br \/>\nInstitut de l&#8217;esport de Barcelona<br \/>\nInstitut La Jonquera<br \/>\nJoventut Comunista de Catalunya<br \/>\nKasa de la Muntanya<br \/>\nL&#8217;ARESTA (Cooperativa agroecol\u00f2gica)<br \/>\nL&#8217;Enfiladissa<br \/>\nLa Colectiva de Mujeres Refugiadas Exiliadas y Migradas<br \/>\nLa Corda &#8211; grup anticarcerari<br \/>\nLa Garrofera de Sants<br \/>\nLa incid\u00e8ncia, associaci\u00f3 cultural transfeminista<br \/>\nLa Intersindical Educaci\u00f3<br \/>\nLa Mallerenga<br \/>\nLa TreS: Taula de Reflexi\u00f3 de l&#8217;Educaci\u00f3 Social<br \/>\nLa Troca, escola comunit\u00e0ria de formaci\u00f3 de persones adultes de Sants<br \/>\nLaCoordi &#8211; Coordinadora pel Comer\u00e7 Just i les Finances \u00c8tiques de Catalunyala<br \/>\nLafede &#8211; Just\u00edcia global<br \/>\nLaFundici\u00f3 SCCL<br \/>\nLES &#8211; Laboratori d&#8217;Educaci\u00f3 Social. Grup de recerca de la UOC.<br \/>\nLes Vilaretes Espai Feminista<br \/>\nLluita Internacionalista<br \/>\nLluna Negra Assemblea Anarquista<br \/>\nMagranes Cooperativa<br \/>\nMarea Pensionista de Font de la Guatlla Mag\u00f2ria<br \/>\nMarea pensionista Font de la Guatlla Mag\u00f2ria<br \/>\nMediam<br \/>\nMEL.Educaci\u00f3 ambiental<br \/>\nMon sense guerres i sense viol\u00e8ncia<br \/>\nMoviment per la Pau &#8211; MPDL<br \/>\nMujeres Brasile\u00f1as Contra el Fascismo y el Racismo<br \/>\nNin-Yo Performance<br \/>\nNUS Cooperativa<br \/>\nPAH Lleida<br \/>\nPLATAFORMA ATUREM LES GUERRES de GIRONA<br \/>\nPlataforma en Defensa Escola P\u00fablica. PEDEP<br \/>\nPlataforma per la Pau Lloret<br \/>\nPodem Catalunya<br \/>\nPodemos Granollers<br \/>\nProc\u00e9s Constituent<br \/>\nPutas Indignadas<br \/>\nPutas Libertarias Raval<br \/>\nRebel\u00b7li\u00f3 o Extinci\u00f3<br \/>\nRebel\u00b7li\u00f3 o Extinci\u00f3 Barcelona<br \/>\nReGENERE-nos, Secci\u00f3 de la Societat Cultural Sant Jaume pels Drets Humans amb perspectiva de g\u00e8nere transinclusiva interseccional a<br \/>\nRELLA, Associaci\u00f3 de Mestres i Professorat Jubilat<br \/>\nRoger PORTA ALABAU<br \/>\nRub\u00ed Solidari<br \/>\nSecci\u00f3 sindical BSC-CGT<br \/>\nSecci\u00f3 Sindical CNT-AIT Ajuntament de Canyelles<br \/>\nSecci\u00f3 sindical de CCOO de l&#8217;Ajuntament de Rub\u00ed<br \/>\nSecci\u00f3 Sindical de La Intersindical al CBSGS<br \/>\nSecci\u00f3n sindical (CNT AIT)de los trabajadores de ayuntamiento de Badalona<br \/>\nSETEM Catalunya<br \/>\nSIDA STUDI<br \/>\nSIEC. Seminari \u00cdtaca d&#8217;educaci\u00f3 Cr\u00edtica<br \/>\nSindicat d&#8217;Activitats Diverses CGT Terres de l&#8217;Ebre<br \/>\nSindicat d&#8217;Estudiants dels Pa\u00efsos Catalans (SEPC)<br \/>\nSindicat d&#8217;Habitatge de Gr\u00e0cia<br \/>\nSindicat d&#8217;Habitatge del Raval<br \/>\nSindicato OOVV de Gramanet del Besos de CNT AIT<br \/>\nSODEPAU<br \/>\nSom poble &#8211; CUP Celr\u00e0<br \/>\nSOS Racisme Catalunya<br \/>\nUnipau (Universitat Internacional de la Pau)<br \/>\nUnitat contra el Feixisme i el Racisme -UCFR<br \/>\nUSTEC\u00b7STES (IAC)<br \/>\nVicedeganat de CP i Sociologia , UAB<br \/>\nVira Cooperativa Feminista<br \/>\nXarxa d&#8217;Economia Solid\u00e0ria de Catalunya<br \/>\nXarxa Ve\u00efnal del Raval<\/p>","protected":false},"excerpt":{"rendered":"<p>*Formulari d\u2019adhesions a persones i col\u00b7lectius obert. Des de la campanya Desmilitaritzem l&#8217;Educaci\u00f3 exigim al govern de la Generalitat de Catalunya la retirada immediata del programa imposat a diversos instituts p\u00fablics que obliga a obrir les portes dels centres de manera permanent a policies del cos de Mossos d\u2019Esquadra. Considerem un desprop\u00f2sit l&#8217;impuls d&#8217;aquest programa&hellip;&nbsp;<a href=\"https:\/\/desmilitaritzem.blog.pangea.org\/ca\/2026\/04\/23\/exigim-la-retirada-del-programa-que-imposa-la-presencia-policial-a-instituts-publics-de-catalunya\/\" rel=\"bookmark\">Read More &raquo;<span class=\"screen-reader-text\">Exigim la retirada del programa que imposa la pres\u00e8ncia policial a instituts p\u00fablics de Catalunya<\/span><\/a><\/p>\n","protected":false},"author":1115,"featured_media":3651,"comment_status":"open","ping_status":"open","sticky":false,"template":"","format":"standard","meta":{"neve_meta_sidebar":"","neve_meta_container":"","neve_meta_enable_content_width":"off","neve_meta_content_width":70,"neve_meta_title_alignment":"","neve_meta_author_avatar":"","neve_post_elements_order":"","neve_meta_disable_header":"","neve_meta_disable_footer":"","neve_meta_disable_title":"","jetpack_post_was_ever_published":false,"_jetpack_newsletter_access":"","_jetpack_dont_email_post_to_subs":false,"_jetpack_newsletter_tier_id":0,"_jetpack_memberships_contains_paywalled_content":false,"_jetpack_memberships_contains_paid_content":false,"footnotes":"","jetpack_publicize_message":"","jetpack_publicize_feature_enabled":true,"jetpack_social_post_already_shared":true,"jetpack_social_options":{"image_generator_settings":{"template":"highway","default_image_id":0,"font":"","enabled":false},"version":2}},"categories":[32],"tags":[],"class_list":["post-3647","post","type-post","status-publish","format-standard","has-post-thumbnail","hentry","category-principal"],"jetpack_publicize_connections":[],"jetpack_featured_media_url":"https:\/\/desmilitaritzem.blog.pangea.org\/files\/2026\/04\/Captura-de-pantalla-2026-04-23-121344.png","jetpack_sharing_enabled":true,"jetpack_shortlink":"https:\/\/wp.me\/p1W1mN-WP","jetpack-related-posts":[],"_links":{"self":[{"href":"https:\/\/desmilitaritzem.blog.pangea.org\/ca\/wp-json\/wp\/v2\/posts\/3647","targetHints":{"allow":["GET"]}}],"collection":[{"href":"https:\/\/desmilitaritzem.blog.pangea.org\/ca\/wp-json\/wp\/v2\/posts"}],"about":[{"href":"https:\/\/desmilitaritzem.blog.pangea.org\/ca\/wp-json\/wp\/v2\/types\/post"}],"author":[{"embeddable":true,"href":"https:\/\/desmilitaritzem.blog.pangea.org\/ca\/wp-json\/wp\/v2\/users\/1115"}],"replies":[{"embeddable":true,"href":"https:\/\/desmilitaritzem.blog.pangea.org\/ca\/wp-json\/wp\/v2\/comments?post=3647"}],"version-history":[{"count":35,"href":"https:\/\/desmilitaritzem.blog.pangea.org\/ca\/wp-json\/wp\/v2\/posts\/3647\/revisions"}],"predecessor-version":[{"id":3706,"href":"https:\/\/desmilitaritzem.blog.pangea.org\/ca\/wp-json\/wp\/v2\/posts\/3647\/revisions\/3706"}],"wp:featuredmedia":[{"embeddable":true,"href":"https:\/\/desmilitaritzem.blog.pangea.org\/ca\/wp-json\/wp\/v2\/media\/3651"}],"wp:attachment":[{"href":"https:\/\/desmilitaritzem.blog.pangea.org\/ca\/wp-json\/wp\/v2\/media?parent=3647"}],"wp:term":[{"taxonomy":"category","embeddable":true,"href":"https:\/\/desmilitaritzem.blog.pangea.org\/ca\/wp-json\/wp\/v2\/categories?post=3647"},{"taxonomy":"post_tag","embeddable":true,"href":"https:\/\/desmilitaritzem.blog.pangea.org\/ca\/wp-json\/wp\/v2\/tags?post=3647"}],"curies":[{"name":"wp","href":"https:\/\/api.w.org\/{rel}","templated":true}]}}