{"id":484,"date":"2010-05-28T15:14:27","date_gmt":"2010-05-28T13:14:27","guid":{"rendered":"http:\/\/desmilitaritzem.blog.pangea.org\/?p=484"},"modified":"2013-06-13T02:55:03","modified_gmt":"2013-06-13T00:55:03","slug":"les-ong-demanen-la-cancel%c2%b7lacio-de-totes-les-campanyes-i-festes-promocionals-de-l%e2%80%99exercit","status":"publish","type":"post","link":"https:\/\/desmilitaritzem.blog.pangea.org\/ca\/2010\/05\/28\/les-ong-demanen-la-cancel%c2%b7lacio-de-totes-les-campanyes-i-festes-promocionals-de-l%e2%80%99exercit\/","title":{"rendered":"Les ONG demanen la cancel\u00b7laci\u00f3 de totes les campanyes i festes promocionals de l\u2019ex\u00e8rcit"},"content":{"rendered":"<p><strong>Amb motiu del Dia de les Forces Armades i  davant la campanya publicit\u00e0ria del Ministeri de Defensa, les ONG  denuncien la <\/strong><strong>instrumentalitzaci\u00f3 de l\u2019ajuda humanit\u00e0ria per part de  l\u2019ex\u00e8rcit, i demanen la reducci\u00f3 de la despesa militar en general i de  totes les accions de promoci\u00f3 de l\u2019ex\u00e8rcit que consideren sup\u00e8rflues i  innecess\u00e0ries en temps de crisi. <\/strong><\/p>\n<p>Barcelona, 28 de maig de 2010.-<strong> <\/strong>Un dels espots de la  campanya<em> Detr\u00e1s de un acto heroico hay toda una fuerza<\/em> oculta la intervenci\u00f3  militar sota l\u2019argument de l\u2019ajuda humanit\u00e0ria a Afganistan. La Confederaci\u00f3  Catalana d\u2019ONG  per la Pau, els Drets Humans i el Desenvolupament recorda a la societat que  les ONG <strong>demanen <\/strong><strong>la retirada de les tropes  d\u2019Afganistan, una missi\u00f3 que dif\u00edcilment pot ser considerada com a  humanit\u00e0ria al barrejar-se amb una  acci\u00f3 de guerra, <\/strong>i que \u00e9s cara i inefica\u00e7. Les ONG  rebutgen la militaritzaci\u00f3 de l\u2019ajuda i la consideren \u00e8ticament i  estrat\u00e8gicament inacceptable.<\/p>\n<p>Igualment denuncien que aquesta campanya publicit\u00e0ria contradiu  frontalment les directrius que el propi govern es marca en el II Pla de l\u2019Alian\u00e7a  de les Civilitzacions, recentment aprovat, i en l\u2019Estrat\u00e8gia d\u2019Educaci\u00f3  per al Desenvolupament de l\u2019Ag\u00e8ncia Espanyola de Cooperaci\u00f3  Internacional per al Desenvolupament -AECID- que estableix clarament que  cal entendre el concepte de pau com la satisfacci\u00f3 de tots els drets humans. Aquesta campanya \u00e9s un  exemple m\u00e9s de la forta despesa que Defensa fa en comunicaci\u00f3  institucional, objectiu per al qual compta amb una Direcci\u00f3 General, una  Subdirecci\u00f3, una Oficina de Comunicaci\u00f3 Social i una Oficina de  Publicitat Institucional. <strong>Aquest tipus de campanyes  publicit\u00e0ries ronda els 5 milions d\u2019euros.<\/strong><strong> <\/strong><\/p>\n<p>Les ONG consideren ofensiu per a totes les persones que  es veuran afectades pels retalls socials que Defensa la llanci la  mateixa setmana que s\u2019ha aprovat el Decret llei per a la reducci\u00f3 del  d\u00e8ficit. <strong>Nom\u00e9s amb un 25% de reducci\u00f3 de la despesa militar feta  els anys 2008 i 2009 (en els quals ja hi havia crisi) i dels anys 2010 i  2011 ja s\u2019estalviarien els 15.000 milions d\u2019euros que es pretenen  aconseguir ara<\/strong> amb el sacrifici dels m\u00e9s vulnerables.<\/p>\n<p>A Espanya, la despesa militar no ha baixat mai de  10.000 milions d\u2019euros des de l\u2019any 2000. <strong>El 2010 estan  pressupostats 17.000. 50 milions d\u2019euros al dia, dues\u00a0 vegades  m\u00e9s que per Treball i Assumptes Socials, i cinc vegades m\u00e9s que per  Educaci\u00f3 i Ci\u00e8ncia.<\/strong> La pres\u00e8ncia a Afganistan va costar 364  milions d\u2019euros l\u2019any passat. <strong>Les ONG demanen que, en temps de  crisi, es redueixin els pressupostos militars i els diners es derivin a  programes socials<\/strong>, indicaci\u00f3 que  l\u2019ONU ja va fer el 1994 i que coneixem com a Dividend de Pau. De la mateixa manera, demanen l\u2019eliminaci\u00f3  de la Direcci\u00f3 General de Comunicaci\u00f3 de la Defensa i de la seva Oficina  de Publicitat Institucional, i la cancel\u00b7laci\u00f3 <em>sine die<\/em> de totes les campanyes publicit\u00e0ries i  les festes promocionals de l\u2019ex\u00e8rcit.<\/p>\n<p><strong>Confederaci\u00f3  Catalana d&#8217;ONG per la Pau, els Drets Humans i el Desenvolupament<\/strong><br \/>\nc\/ T\u00e0pies, 1-3 \u2013 08001 \u2013 Barcelona<br \/>\n93 442 28 35<br \/>\n<a href=\"mailto:confederacio@confederacio.org\" target=\"_blank\">confederacio@confederacio.org<\/a><\/p>\n<p>&#8212;<\/p>\n","protected":false},"excerpt":{"rendered":"<p>Amb motiu del Dia de les Forces Armades i davant la campanya publicit\u00e0ria del Ministeri de Defensa, les ONG denuncien la instrumentalitzaci\u00f3 de l\u2019ajuda humanit\u00e0ria per part de l\u2019ex\u00e8rcit, i demanen la reducci\u00f3 de la despesa militar en general i de totes les accions de promoci\u00f3 de l\u2019ex\u00e8rcit que consideren sup\u00e8rflues i innecess\u00e0ries en temps&hellip;&nbsp;<a href=\"https:\/\/desmilitaritzem.blog.pangea.org\/ca\/2010\/05\/28\/les-ong-demanen-la-cancel%c2%b7lacio-de-totes-les-campanyes-i-festes-promocionals-de-l%e2%80%99exercit\/\" rel=\"bookmark\">Read More &raquo;<span class=\"screen-reader-text\">Les ONG demanen la cancel\u00b7laci\u00f3 de totes les campanyes i festes promocionals de l\u2019ex\u00e8rcit<\/span><\/a><\/p>\n","protected":false},"author":27,"featured_media":0,"comment_status":"open","ping_status":"open","sticky":false,"template":"","format":"standard","meta":{"neve_meta_sidebar":"","neve_meta_container":"","neve_meta_enable_content_width":"","neve_meta_content_width":0,"neve_meta_title_alignment":"","neve_meta_author_avatar":"","neve_post_elements_order":"","neve_meta_disable_header":"","neve_meta_disable_footer":"","neve_meta_disable_title":"","jetpack_post_was_ever_published":false,"_jetpack_newsletter_access":"","_jetpack_dont_email_post_to_subs":false,"_jetpack_newsletter_tier_id":0,"_jetpack_memberships_contains_paywalled_content":false,"_jetpack_memberships_contains_paid_content":false,"footnotes":"","jetpack_publicize_message":"","jetpack_publicize_feature_enabled":true,"jetpack_social_post_already_shared":false,"jetpack_social_options":{"image_generator_settings":{"template":"highway","default_image_id":0,"font":"","enabled":false},"version":2}},"categories":[32],"tags":[8169,8166,8165],"class_list":["post-484","post","type-post","status-publish","format-standard","hentry","category-principal","tag-accio","tag-pressupost","tag-propaganda"],"jetpack_publicize_connections":[],"jetpack_featured_media_url":"","jetpack_sharing_enabled":true,"jetpack_shortlink":"https:\/\/wp.me\/p1W1mN-7O","jetpack-related-posts":[],"_links":{"self":[{"href":"https:\/\/desmilitaritzem.blog.pangea.org\/ca\/wp-json\/wp\/v2\/posts\/484","targetHints":{"allow":["GET"]}}],"collection":[{"href":"https:\/\/desmilitaritzem.blog.pangea.org\/ca\/wp-json\/wp\/v2\/posts"}],"about":[{"href":"https:\/\/desmilitaritzem.blog.pangea.org\/ca\/wp-json\/wp\/v2\/types\/post"}],"author":[{"embeddable":true,"href":"https:\/\/desmilitaritzem.blog.pangea.org\/ca\/wp-json\/wp\/v2\/users\/27"}],"replies":[{"embeddable":true,"href":"https:\/\/desmilitaritzem.blog.pangea.org\/ca\/wp-json\/wp\/v2\/comments?post=484"}],"version-history":[{"count":2,"href":"https:\/\/desmilitaritzem.blog.pangea.org\/ca\/wp-json\/wp\/v2\/posts\/484\/revisions"}],"predecessor-version":[{"id":1145,"href":"https:\/\/desmilitaritzem.blog.pangea.org\/ca\/wp-json\/wp\/v2\/posts\/484\/revisions\/1145"}],"wp:attachment":[{"href":"https:\/\/desmilitaritzem.blog.pangea.org\/ca\/wp-json\/wp\/v2\/media?parent=484"}],"wp:term":[{"taxonomy":"category","embeddable":true,"href":"https:\/\/desmilitaritzem.blog.pangea.org\/ca\/wp-json\/wp\/v2\/categories?post=484"},{"taxonomy":"post_tag","embeddable":true,"href":"https:\/\/desmilitaritzem.blog.pangea.org\/ca\/wp-json\/wp\/v2\/tags?post=484"}],"curies":[{"name":"wp","href":"https:\/\/api.w.org\/{rel}","templated":true}]}}