{"id":871,"date":"2012-04-11T17:49:12","date_gmt":"2012-04-11T15:49:12","guid":{"rendered":"http:\/\/desmilitaritzem.blog.pangea.org\/?p=871"},"modified":"2014-10-27T10:57:58","modified_gmt":"2014-10-27T09:57:58","slug":"joves-jueus-presos-per-negar-se-a-oprimir-a-palestina","status":"publish","type":"post","link":"https:\/\/desmilitaritzem.blog.pangea.org\/ca\/2012\/04\/11\/joves-jueus-presos-per-negar-se-a-oprimir-a-palestina\/","title":{"rendered":"(Espa\u00f1ol) J\u00f3venes jud\u00edos presos por negarse a oprimir a Palestina!"},"content":{"rendered":"<div class=\"nv-iframe-embed\"><iframe loading=\"lazy\" title=\"J\u00f3venes jud\u00edos presos por negarse a oprimir a Palestina!\" src=\"https:\/\/player.vimeo.com\/video\/24055926?dnt=1&amp;app_id=122963\" width=\"320\" height=\"240\" frameborder=\"0\" allow=\"autoplay; fullscreen; picture-in-picture; clipboard-write\"><\/iframe><\/div>\n","protected":false},"excerpt":{"rendered":"","protected":false},"author":705,"featured_media":0,"comment_status":"open","ping_status":"open","sticky":false,"template":"","format":"standard","meta":{"neve_meta_sidebar":"","neve_meta_container":"","neve_meta_enable_content_width":"","neve_meta_content_width":0,"neve_meta_title_alignment":"","neve_meta_author_avatar":"","neve_post_elements_order":"","neve_meta_disable_header":"","neve_meta_disable_footer":"","neve_meta_disable_title":"","jetpack_post_was_ever_published":false,"_jetpack_newsletter_access":"","_jetpack_dont_email_post_to_subs":false,"_jetpack_newsletter_tier_id":0,"_jetpack_memberships_contains_paywalled_content":false,"_jetpack_memberships_contains_paid_content":false,"footnotes":"","jetpack_publicize_message":"","jetpack_publicize_feature_enabled":true,"jetpack_social_post_already_shared":false,"jetpack_social_options":{"image_generator_settings":{"template":"highway","default_image_id":0,"font":"","enabled":false},"version":2}},"categories":[32],"tags":[8167],"class_list":["post-871","post","type-post","status-publish","format-standard","hentry","category-principal","tag-altres-campanyes"],"jetpack_publicize_connections":[],"jetpack_featured_media_url":"","jetpack_sharing_enabled":true,"jetpack_shortlink":"https:\/\/wp.me\/p1W1mN-e3","jetpack-related-posts":[],"_links":{"self":[{"href":"https:\/\/desmilitaritzem.blog.pangea.org\/ca\/wp-json\/wp\/v2\/posts\/871","targetHints":{"allow":["GET"]}}],"collection":[{"href":"https:\/\/desmilitaritzem.blog.pangea.org\/ca\/wp-json\/wp\/v2\/posts"}],"about":[{"href":"https:\/\/desmilitaritzem.blog.pangea.org\/ca\/wp-json\/wp\/v2\/types\/post"}],"author":[{"embeddable":true,"href":"https:\/\/desmilitaritzem.blog.pangea.org\/ca\/wp-json\/wp\/v2\/users\/705"}],"replies":[{"embeddable":true,"href":"https:\/\/desmilitaritzem.blog.pangea.org\/ca\/wp-json\/wp\/v2\/comments?post=871"}],"version-history":[{"count":5,"href":"https:\/\/desmilitaritzem.blog.pangea.org\/ca\/wp-json\/wp\/v2\/posts\/871\/revisions"}],"predecessor-version":[{"id":1344,"href":"https:\/\/desmilitaritzem.blog.pangea.org\/ca\/wp-json\/wp\/v2\/posts\/871\/revisions\/1344"}],"wp:attachment":[{"href":"https:\/\/desmilitaritzem.blog.pangea.org\/ca\/wp-json\/wp\/v2\/media?parent=871"}],"wp:term":[{"taxonomy":"category","embeddable":true,"href":"https:\/\/desmilitaritzem.blog.pangea.org\/ca\/wp-json\/wp\/v2\/categories?post=871"},{"taxonomy":"post_tag","embeddable":true,"href":"https:\/\/desmilitaritzem.blog.pangea.org\/ca\/wp-json\/wp\/v2\/tags?post=871"}],"curies":[{"name":"wp","href":"https:\/\/api.w.org\/{rel}","templated":true}]}}