{"id":1158,"date":"2013-06-14T08:44:29","date_gmt":"2013-06-14T06:44:29","guid":{"rendered":"http:\/\/desmilitaritzem.blog.pangea.org\/?p=1158"},"modified":"2013-06-13T04:50:05","modified_gmt":"2013-06-13T02:50:05","slug":"dia-internacional-daccio-per-leducacio-i-la-investigacio-lliures-de-militars-14-juny-2013","status":"publish","type":"post","link":"https:\/\/desmilitaritzem.blog.pangea.org\/es\/2013\/06\/14\/dia-internacional-daccio-per-leducacio-i-la-investigacio-lliures-de-militars-14-juny-2013\/","title":{"rendered":"D\u00eda Internacional de Acci\u00f3n por la Educaci\u00f3n y la Investigaci\u00f3n Libres de Militares: 14 Junio 2013"},"content":{"rendered":"<p><\/p>\n<p style=\"text-align: justify\"><img loading=\"lazy\" decoding=\"async\" class=\"aligncenter\" alt=\"International Day of Action\" src=\"http:\/\/desmilitaritzem.blog.pangea.org\/files\/2013\/05\/logo-English.img_assist_custom-350x146-300x125.jpg\" width=\"300\" height=\"125\" \/>Hoy, 14 de junio de 2013, grupos y organizaciones de <strong>al menos once pa\u00edses<\/strong> &#8211; Alemania, India, Israel, Nigeria, Estado Espa\u00f1ol, Chile, la Rep\u00fablica Democr\u00e1tica del Congo, Reino Unido, Sud\u00e1frica, Suecia y los EE.UU. &#8211; est\u00e1n realizando <strong>acciones para resaltar y oponerse a la militarizaci\u00f3n de la educaci\u00f3n y la investigaci\u00f3n.<\/strong><\/p>\n<p style=\"text-align: justify\">En muchas partes del mundo, los militares tienen una importante presencia e influencia en el sistema educativo. Esta presencia e influencia cubre desde las <strong>visitas de fuerzas armadas a las escuelas<\/strong> para dar presentaciones, tomar clases y ejecutar actividades de aventura hasta la provisi\u00f3n de recursos para la ense\u00f1anza y la priorizaci\u00f3n de la investigaci\u00f3n militar.<\/p>\n<p style=\"text-align: justify\">Los dos objetivos principales de la participaci\u00f3n de los militares en la educaci\u00f3n son la <strong>contrataci\u00f3n de j\u00f3venes en las fuerzas armadas y la normalizaci\u00f3n de la guerra<\/strong> y la preparaci\u00f3n para la guerra como instrumento de pol\u00edtica. Hay una falta de debate equilibrado porque a las visiones alternativas de resoluci\u00f3n de conflictos no se les da el mismo acceso privilegiado que a los militares.<\/p>\n<p style=\"text-align: justify\">La investigaci\u00f3n militar est\u00e1 presente en una gran parte de la investigaci\u00f3n en los departamentos de la ciencia, la ingenier\u00eda y la tecnolog\u00eda de muchas universidades p\u00fablicas. <strong>Esto es a expensas de la investigaci\u00f3n socialmente m\u00e1s \u00fatil.<\/strong><\/p>\n<p style=\"text-align: justify\">La Internacional de Resistentes a la Guerra demanda que sistemas educativos y la investigaci\u00f3n p\u00fablica est\u00e9 libre de militares. Hoy se desarrollan acciones y eventos creativos que incluyen teatro de la calle, un seminario sobre la educaci\u00f3n noviolenta, pegado de carteles y la proyecci\u00f3n de una pel\u00edcula que esperamos estimule el debate sobre este tema.<\/p>\n<p style=\"text-align: justify\">Profesorado, personal acad\u00e9mico, alumnado, las familias <strong>\u2013todas y todos- podemos oponernos al status quo<\/strong> mediante la adopci\u00f3n de acciones y la sensibilizaci\u00f3n, se puede tratar de difusi\u00f3n de informaci\u00f3n, la celebraci\u00f3n de debates p\u00fablicos, la organizaci\u00f3n de reuniones con equipos directivos o neg\u00e1ndose a asistir a las actividades militares y otras acciones directas noviolentas.<\/p>\n<p style=\"text-align: justify\"><strong>En Catalunya<\/strong><\/p>\n<p style=\"text-align: justify\">A ra\u00edz de las inquietudes de diferentes colectivos cr\u00edticos a la presencia militar en espacios educativos y de ocio infantil y juvenil, durante la celebraci\u00f3n del <a href=\"http:\/\/desmilitaritzem.blog.pangea.org\/2008\/01\/26\/fscat-2008\/\" target=\"_blank\"><strong>Forum Social Catal\u00e1n 2008<\/strong><\/a> se constituy\u00f3 la campa\u00f1a Desmilitaricemos la Educaci\u00f3n.<\/p>\n<p style=\"text-align: justify\">En ella participan <strong><a href=\"http:\/\/desmilitaritzem.blog.pangea.org\/participen\/qui-participa\/\" target=\"_blank\">m\u00e1s de 40 entidades<\/a><\/strong> vinculadas al fomento de la Paz y la educaci\u00f3n cr\u00edtica y transformadora con el objetivo de impedir la presencia de instituciones militares y sus valores en espacios educativos.<\/p>\n<p style=\"text-align: justify\">Bajo el lema \u201c<strong>Las Armas no Educan, Las Armas Matan<\/strong>\u201d, se han organizado diferentes acciones para denunciar y concienciar a la poblaci\u00f3n de los valores antag\u00f3nicos que conllevan los conceptos de Educaci\u00f3n y Militarismo.<\/p>\n<p style=\"text-align: justify\">Algunas acciones realizadas hasta ahora:<\/p>\n<ul>\n<li>Presencia de grupos de activistas en el <a href=\"http:\/\/desmilitaritzem.blog.pangea.org\/tag\/salo-ensenyament\/\" target=\"_blank\">Sal\u00f3n de la Ense\u00f1anza <\/a>(diferentes ediciones)<\/li>\n<li>Acciones en l\u00ednea para solicitar la retirada de invitaci\u00f3n del ej\u00e9rcito al <a href=\"http:\/\/desmilitaritzem.blog.pangea.org\/2013\/03\/12\/irene-rigau-i-roser-soley-retirin-la-invitacio-a-lexercit-per-participar-en-el-salo-de-lensenyament-2013-lesarmesnoeduquen\/\" target=\"_blank\">Sal\u00f3n de la Ense\u00f1anza<\/a> y al <a href=\"http:\/\/desmilitaritzem.blog.pangea.org\/tag\/festival-infancia\/\" target=\"_blank\">Festival de la Infancia<\/a><\/li>\n<li>Creaci\u00f3n de la <a href=\"http:\/\/desmilitaritzem.blog.pangea.org\/tag\/xarxa-lliures-armes\/\" target=\"_blank\">Red de Centros Educativos Libres de Armas<\/a><\/li>\n<li>Denuncia de la presencia militar, haciendo maniobras con armas en el <a href=\"http:\/\/desmilitaritzem.blog.pangea.org\/tag\/collserola\/\" target=\"_blank\">Parque de Collserola<\/a><\/li>\n<li>Denuncia de los recursos econ\u00f3micos destinados a la <a href=\"http:\/\/desmilitaritzem.blog.pangea.org\/tag\/propaganda\/\" target=\"_blank\">propaganda<\/a> (incluidas fiestas, desfiles y celebraciones) y reclutamiento, especialmente en \u00e9poca de <a href=\"http:\/\/desmilitaritzem.blog.pangea.org\/tag\/pressupost\/\" target=\"_blank\">recortes de inversi\u00f3n social <\/a>(salud, educaci\u00f3n)<\/li>\n<li>Difusi\u00f3n de<a href=\"http:\/\/desmilitaritzem.blog.pangea.org\/tag\/altres-campanyes\/\" target=\"_blank\"> otras campa\u00f1as <\/a>similares del estado espa\u00f1ol<\/li>\n<\/ul>\n<p style=\"text-align: justify\">Desde la campa\u00f1a Desmilitaricemos la Educaci\u00f3n nos adherimos al movimiento internacional de acci\u00f3n por una Educaci\u00f3n e Investigaci\u00f3n Libre de Militares para compartir y aprender m\u00e1s y mejores maneras de avanzar en la desmilitarizaci\u00f3n de nuestras sociedades.<\/p>\n<p style=\"text-align: center\"><strong>#Antimilitarist\u00a0\u00a0\u00a0\u00a0\u00a0\u00a0\u00a0\u00a0\u00a0\u00a0 #LesArmesNoEduquen\u00a0 \u00a0 \u00a0 \u00a0\u00a0\u00a0\u00a0\u00a0\u00a0\u00a0 #14J<\/strong><\/p>\n<p><\/p>","protected":false},"excerpt":{"rendered":"<p>Hoy, 14 de junio de 2013, grupos y organizaciones de al menos once pa\u00edses &#8211; Alemania, India, Israel, Nigeria, Estado Espa\u00f1ol, Chile, la Rep\u00fablica Democr\u00e1tica del Congo, Reino Unido, Sud\u00e1frica, Suecia y los EE.UU. &#8211; est\u00e1n realizando acciones para resaltar y oponerse a la militarizaci\u00f3n de la educaci\u00f3n y la investigaci\u00f3n. En muchas partes del&hellip;&nbsp;<a href=\"https:\/\/desmilitaritzem.blog.pangea.org\/es\/2013\/06\/14\/dia-internacional-daccio-per-leducacio-i-la-investigacio-lliures-de-militars-14-juny-2013\/\" rel=\"bookmark\">Leer m\u00e1s &raquo;<span class=\"screen-reader-text\">D\u00eda Internacional de Acci\u00f3n por la Educaci\u00f3n y la Investigaci\u00f3n Libres de Militares: 14 Junio 2013<\/span><\/a><\/p>\n","protected":false},"author":705,"featured_media":0,"comment_status":"open","ping_status":"open","sticky":false,"template":"","format":"standard","meta":{"neve_meta_sidebar":"","neve_meta_container":"","neve_meta_enable_content_width":"","neve_meta_content_width":0,"neve_meta_title_alignment":"","neve_meta_author_avatar":"","neve_post_elements_order":"","neve_meta_disable_header":"","neve_meta_disable_footer":"","neve_meta_disable_title":"","jetpack_post_was_ever_published":false,"_jetpack_newsletter_access":"","_jetpack_dont_email_post_to_subs":false,"_jetpack_newsletter_tier_id":0,"_jetpack_memberships_contains_paywalled_content":false,"_jetpack_memberships_contains_paid_content":false,"footnotes":"","jetpack_publicize_message":"","jetpack_publicize_feature_enabled":true,"jetpack_social_post_already_shared":false,"jetpack_social_options":{"image_generator_settings":{"template":"highway","default_image_id":0,"font":"","enabled":false},"version":2}},"categories":[32],"tags":[],"class_list":["post-1158","post","type-post","status-publish","format-standard","hentry","category-principal"],"jetpack_publicize_connections":[],"jetpack_featured_media_url":"","jetpack_sharing_enabled":true,"jetpack_shortlink":"https:\/\/wp.me\/p1W1mN-iG","jetpack-related-posts":[],"_links":{"self":[{"href":"https:\/\/desmilitaritzem.blog.pangea.org\/es\/wp-json\/wp\/v2\/posts\/1158","targetHints":{"allow":["GET"]}}],"collection":[{"href":"https:\/\/desmilitaritzem.blog.pangea.org\/es\/wp-json\/wp\/v2\/posts"}],"about":[{"href":"https:\/\/desmilitaritzem.blog.pangea.org\/es\/wp-json\/wp\/v2\/types\/post"}],"author":[{"embeddable":true,"href":"https:\/\/desmilitaritzem.blog.pangea.org\/es\/wp-json\/wp\/v2\/users\/705"}],"replies":[{"embeddable":true,"href":"https:\/\/desmilitaritzem.blog.pangea.org\/es\/wp-json\/wp\/v2\/comments?post=1158"}],"version-history":[{"count":4,"href":"https:\/\/desmilitaritzem.blog.pangea.org\/es\/wp-json\/wp\/v2\/posts\/1158\/revisions"}],"predecessor-version":[{"id":1165,"href":"https:\/\/desmilitaritzem.blog.pangea.org\/es\/wp-json\/wp\/v2\/posts\/1158\/revisions\/1165"}],"wp:attachment":[{"href":"https:\/\/desmilitaritzem.blog.pangea.org\/es\/wp-json\/wp\/v2\/media?parent=1158"}],"wp:term":[{"taxonomy":"category","embeddable":true,"href":"https:\/\/desmilitaritzem.blog.pangea.org\/es\/wp-json\/wp\/v2\/categories?post=1158"},{"taxonomy":"post_tag","embeddable":true,"href":"https:\/\/desmilitaritzem.blog.pangea.org\/es\/wp-json\/wp\/v2\/tags?post=1158"}],"curies":[{"name":"wp","href":"https:\/\/api.w.org\/{rel}","templated":true}]}}