{"id":1220,"date":"2013-11-16T05:08:05","date_gmt":"2013-11-16T04:08:05","guid":{"rendered":"http:\/\/desmilitaritzem.blog.pangea.org\/?p=1220"},"modified":"2013-12-03T01:18:07","modified_gmt":"2013-12-03T00:18:07","slug":"carta-a-un-militar","status":"publish","type":"post","link":"https:\/\/desmilitaritzem.blog.pangea.org\/es\/2013\/11\/16\/carta-a-un-militar\/","title":{"rendered":"Carta a un militar"},"content":{"rendered":"<p><\/p>\n<p><\/p>\n<p class=\"MsoNormal\"><span lang=\"ES\">El 15 de noviembre termin\u00f3 el plazo para que el alumnado de bachillerato interesado en<br \/>\nparticipar en el concurso \u201cCarta a un Militar\u201d pudiera enviar sus cartas.<\/span><\/p>\n<p class=\"MsoNormal\"><span lang=\"ES\">Desde la campa\u00f1a Desmilitaritzem l&#8217;Educaci\u00f3 queremos dar a conocer lo que podr\u00eda ser una de las cartas participantes, escrita por una joven o un joven que cursa el 1\u00ba o 2\u00ba curso de Bachillerato.<\/span><\/p>\n<p><i>\u201cCarta a un militar\u2026<\/i><\/p>\n<p><i>Te escribo esta carta en respuesta a la convocatoria que el Ministerio de Defensa ha abierto para que nosotros, el alumnado de Bachillerato describamos nuestra opini\u00f3n sobre \u201cla excepcional labor que realizas para mantener la paz y la seguridad nacional e internacional\u201d.<\/i><\/p>\n<p><i>Pero antes de expresar mi opini\u00f3n sobre lo que nos sugiere el Ministerio, voy a comentar otras valoraciones e informaciones que no aparecen en el <a href=\"http:\/\/www.cartaaunmilitar.es\/pdf\/dossier_tutores.pdf\">dossier<\/a> que Defensa ha preparado para que nos lo leamos y podamos opinar \u201clibremente\u201d.\u00a0 Yo he consultado otras fuentes y me gustar\u00eda contrastarlas contigo.<\/i><\/p>\n<p><i>Te hablo primero sobre lo que nos sucede a las y los alumnos de la Educaci\u00f3n P\u00fablica, estamos sufriendo decisiones pol\u00edticas y <a href=\"http:\/\/wiki.15m.cc\/wiki\/Lista_de_recortes_en_Espa%C3%B1a_2010-2013#Educaci.C3.B3n\">recortes <\/a>\u00a0continuados del presupuesto del Ministerio y las Consejer\u00edas que hacen que la calidad de la educaci\u00f3n vaya a peor. \u00a0Me sorprende por otro lado, que el Ministerio de Defensa sea el que menos recorte presupuestario haya sufrido o incluso, en las partidas finales de recursos aplicados (lo que llaman presupuesto liquidado) en 2012 el supuesto recorte se haya limitado aun<br \/>\nm\u00e1s porque a la mitad del a\u00f1o se hayan autorizado <a href=\"http:\/\/desmilitaritzem.blog.pangea.org\/2012\/09\/13\/el-govern-menteix-i-augmenta-les-despeses-militars-en-detriment-de-les-despeses-socials\/\">cr\u00e9ditos por 2 mil millones de euros.<\/a><\/i><\/p>\n<p><i>He investigado un poco m\u00e1s y me parece todav\u00eda m\u00e1s absurdo que ese aumento de presupuesto a la mitad del a\u00f1o se considere \u201cextraordinario\u201d cuando desde antes se sabe que vosotros particip\u00e1is en las llamadas \u201cmisiones de paz\u201d y que el Ministerio debe a las empresas armament\u00edsticas <a href=\"http:\/\/blogs.publico.es\/altermundista\/953\/la-insoportable-deuda-militar-en-espana\/\">m\u00e1s de 30 mil millones de euros<\/a>. \u00bfPor qu\u00e9 no se incluyen en el presupuesto desde el inicio?<\/i><\/p>\n<p><i>Pienso que muchas de las supuestas \u201cmisiones de paz\u201d responden m\u00e1s a intereses de algunas empresas que pueden estar aprovechando la situaci\u00f3n en pa\u00edses que viven cierta inestabilidad y que vuestro trabajo es proteger las inversiones de \u00e9stas, no tanto fomentar la reconstrucci\u00f3n del tejido social de aquellas comunidades. Me parece que<br \/>\nhaciendo uso de la fuerza dif\u00edcilmente se logra recuperar la convivencia en un pa\u00eds o<br \/>\ntal vez, puede llegar a agravar la situaci\u00f3n. <\/i><\/p>\n<p><i>En lo que se refiere a la supuesta tarea de mantener la \u201cseguridad nacional\u201d, tampoco veo coherencia en lo que dicen con lo que hacen. Acaparar recursos p\u00fablicos en <a href=\"http:\/\/www.recortemoselgastomilitar.org\/\">detrimento de los servicios sociales b\u00e1sicos<\/a> de la poblaci\u00f3n (educaci\u00f3n, salud, ayudas a<br \/>\nla vivienda, fomento del empleo) me parece una acci\u00f3n que pone en riesgo la estabilidad de nuestra sociedad y favorece problem\u00e1ticas que agravan la convivencia.<\/i><\/p>\n<p><i>Tambi\u00e9n he le\u00eddo que muchos de los \u201cnegocios\u201d o proyectos que est\u00e1n vinculados al Ej\u00e9rcito y Marina, son cuestionados por su <a href=\"http:\/\/www.lamarea.com\/2013\/10\/12\/ejercito-armas\/\">baja exigencia \u00e9tica <\/a>o por la falta de control sobre las inversiones, siendo el caso m\u00e1s sonado el de un nuevo <a href=\"http:\/\/www.lne.es\/espana\/2013\/10\/16\/submarino-navegar\/1484535.html\">submarino mal dise\u00f1ado<\/a> que ha estado a punto de hundirse. \u00bfEn verdad deber\u00edamos confiar en vosotros para \u201cmantener la paz\u201d?<\/i><\/p>\n<p><i>Supongo que t\u00fa como militar adiestrado y entrenado para obedecer y seguir las normas de manera disciplinada me dir\u00e1s que cada uno de los cuestionamientos que te hago corresponde a niveles superiores de mando, que t\u00fa no eres responsable de los manejos presupuestarios, de intereses particulares del complejo industrial militar espa\u00f1ol o de las<br \/>\ndeficiencias en el manejo de recursos. <\/i><\/p>\n<p><i>Tal vez tu argumento es cierto, pero te invito a revisar la informaci\u00f3n que he enlazado en algunas partes de mi carta para que puedas contar con mayor informaci\u00f3n y te formes un criterio m\u00e1s amplio.<\/i><\/p>\n<p><i>Entiendo que pensar\u00e1s que de nada sirve, pues si te propones transformar la r\u00edgida estructura de Defensa para hacerla m\u00e1s consciente te encontrar\u00e1s con el rechazo o \u00a0persecuci\u00f3n que algunos de tus <a href=\"http:\/\/politica.elpais.com\/politica\/2013\/04\/02\/actualidad\/1364928371_134143.html\">compa\u00f1eros <\/a>o <a href=\"http:\/\/politica.elpais.com\/politica\/2013\/09\/14\/actualidad\/1379172504_037458.html\">compa\u00f1eras <\/a>ya han sufrido. Lo lamento mucho, quiz\u00e1s ese detalle no lo sab\u00edas al momento de ingresar al servicio o la persona que te reclutaba lo oculto.<\/i><\/p>\n<p><i>Por \u00faltimo, decirte que en relaci\u00f3n al concurso que promueve el Ministerio de Defensa, no me interesa participar ni competir para ganarme un iPod, lector Ebook o iPad, pues considero que el consumo acr\u00edtico de tecnolog\u00eda ha contribuido a generar una demanda excesiva de componentes y materiales, extra\u00eddos de recursos minerales limitados en<br \/>\npa\u00edses en los que su explotaci\u00f3n es irregular y las compa\u00f1\u00edas y mafias han contribuido<br \/>\na <a href=\"http:\/\/www.youtube.com\/watch?v=pVZXNgLaKbE\">crear conflictos armados graves<\/a>.<\/i><\/p>\n<p><i>Espero que mi carta pueda ayudarte a reflexionar sobre el rol que el Ej\u00e9rcito (y t\u00fa como parte de \u00e9l) deber\u00eda tener en una sociedad democr\u00e1tica, \u00e9tica, solidaria y noviolenta como la que muchas personas quisi\u00e9ramos tener. No creas que son ideas m\u00edas o novedades de adolescentes. <a href=\"http:\/\/www.boe.es\/diario_boe\/txt.php?id=BOE-A-2005-19785\">La Ley 27\/2005<\/a>, de 30 de noviembre, de fomento de la educaci\u00f3n y la cultura de la paz, establece que desde los organismos del Estado se deber\u00edan promover acciones para evitar la permanencia de siete inseguridades graves que hemos heredado del Siglo XX (particularmente violento): <\/i><\/p>\n<p><i>Estas siete inseguridades fueron puestas de manifiesto por el Programa de Naciones Unidas para el Desarrollo (PNUD) en 1998 y son de tipo econ\u00f3mico y financiero, de las rentas, cultural, sanitario, personal, ambiental, y pol\u00edtico y comunitario. Tales inseguridades se encuentran en la base de las numerosas injusticias y desigualdades que<br \/>\nimperan tanto a escala local, como regional, como, incluso, mundial.<\/i><\/p>\n<p><i>Te invito a participar en iniciativas civiles de construcci\u00f3n de paz, de lucha contra las desigualdades de todo tipo, de fomento de los derechos humanos y sobre todo, en acciones que incidan en la construcci\u00f3n de una sociedad m\u00e1s justa y equitativa que valore la Educaci\u00f3n como un motor de transformaci\u00f3n social para una convivencia noviolenta.<br \/>\n<\/i><\/p>\n<p><i>Saludos y espero tu respuesta.<\/i><\/p>\n<p><i>Alumna(o) de Bachillerato<\/i><\/p>\n<p>&nbsp;<\/p>\n<p><\/p>","protected":false},"excerpt":{"rendered":"<p>El 15 de noviembre termin\u00f3 el plazo para que el alumnado de bachillerato interesado en participar en el concurso \u201cCarta a un Militar\u201d pudiera enviar sus cartas. Desde la campa\u00f1a Desmilitaritzem l&#8217;Educaci\u00f3 queremos dar a conocer lo que podr\u00eda ser una de las cartas participantes, escrita por una joven o un joven que cursa el&hellip;&nbsp;<a href=\"https:\/\/desmilitaritzem.blog.pangea.org\/es\/2013\/11\/16\/carta-a-un-militar\/\" rel=\"bookmark\">Leer m\u00e1s &raquo;<span class=\"screen-reader-text\">Carta a un militar<\/span><\/a><\/p>\n","protected":false},"author":1115,"featured_media":0,"comment_status":"open","ping_status":"open","sticky":false,"template":"","format":"standard","meta":{"neve_meta_sidebar":"","neve_meta_container":"","neve_meta_enable_content_width":"","neve_meta_content_width":0,"neve_meta_title_alignment":"","neve_meta_author_avatar":"","neve_post_elements_order":"","neve_meta_disable_header":"","neve_meta_disable_footer":"","neve_meta_disable_title":"","jetpack_post_was_ever_published":false,"_jetpack_newsletter_access":"","_jetpack_dont_email_post_to_subs":false,"_jetpack_newsletter_tier_id":0,"_jetpack_memberships_contains_paywalled_content":false,"_jetpack_memberships_contains_paid_content":false,"footnotes":"","jetpack_publicize_message":"","jetpack_publicize_feature_enabled":true,"jetpack_social_post_already_shared":false,"jetpack_social_options":{"image_generator_settings":{"template":"highway","default_image_id":0,"font":"","enabled":false},"version":2}},"categories":[32],"tags":[],"class_list":["post-1220","post","type-post","status-publish","format-standard","hentry","category-principal"],"jetpack_publicize_connections":[],"jetpack_featured_media_url":"","jetpack_sharing_enabled":true,"jetpack_shortlink":"https:\/\/wp.me\/p1W1mN-jG","jetpack-related-posts":[],"_links":{"self":[{"href":"https:\/\/desmilitaritzem.blog.pangea.org\/es\/wp-json\/wp\/v2\/posts\/1220","targetHints":{"allow":["GET"]}}],"collection":[{"href":"https:\/\/desmilitaritzem.blog.pangea.org\/es\/wp-json\/wp\/v2\/posts"}],"about":[{"href":"https:\/\/desmilitaritzem.blog.pangea.org\/es\/wp-json\/wp\/v2\/types\/post"}],"author":[{"embeddable":true,"href":"https:\/\/desmilitaritzem.blog.pangea.org\/es\/wp-json\/wp\/v2\/users\/1115"}],"replies":[{"embeddable":true,"href":"https:\/\/desmilitaritzem.blog.pangea.org\/es\/wp-json\/wp\/v2\/comments?post=1220"}],"version-history":[{"count":8,"href":"https:\/\/desmilitaritzem.blog.pangea.org\/es\/wp-json\/wp\/v2\/posts\/1220\/revisions"}],"predecessor-version":[{"id":1228,"href":"https:\/\/desmilitaritzem.blog.pangea.org\/es\/wp-json\/wp\/v2\/posts\/1220\/revisions\/1228"}],"wp:attachment":[{"href":"https:\/\/desmilitaritzem.blog.pangea.org\/es\/wp-json\/wp\/v2\/media?parent=1220"}],"wp:term":[{"taxonomy":"category","embeddable":true,"href":"https:\/\/desmilitaritzem.blog.pangea.org\/es\/wp-json\/wp\/v2\/categories?post=1220"},{"taxonomy":"post_tag","embeddable":true,"href":"https:\/\/desmilitaritzem.blog.pangea.org\/es\/wp-json\/wp\/v2\/tags?post=1220"}],"curies":[{"name":"wp","href":"https:\/\/api.w.org\/{rel}","templated":true}]}}