{"id":1796,"date":"2017-09-22T09:13:45","date_gmt":"2017-09-22T07:13:45","guid":{"rendered":"http:\/\/desmilitaritzem.blog.pangea.org\/?p=1796"},"modified":"2017-09-22T10:30:22","modified_gmt":"2017-09-22T08:30:22","slug":"comunicat-urgent-campanya-desmilitaritzem-leducacio","status":"publish","type":"post","link":"https:\/\/desmilitaritzem.blog.pangea.org\/es\/2017\/09\/22\/comunicat-urgent-campanya-desmilitaritzem-leducacio\/","title":{"rendered":"Comunicado urgente campa\u00f1a Desmilitaritzem l&#8217;Educaci\u00f3"},"content":{"rendered":"<p>Ante la escalada de acontecimientos de los \u00faltimos d\u00edas en relaci\u00f3n a la situaci\u00f3n pol\u00edtica de Catalu\u00f1a, la campa\u00f1a Desmilitaritzem l&#8217;Educaci\u00f3* comunica:<\/p>\n<p>\u2013 Nuestro rechazo absoluto a toda forma de violencia y vulneraci\u00f3n de derechos humanos, al ejercicio ciudadano de libertad de expresi\u00f3n y de participaci\u00f3n pol\u00edtica<\/p>\n<p>\u2013 Nuestra condena por las actuaciones policiales que se han producido en estos d\u00edas por la forma y mensaje impl\u00edcito que representan; la presencia de cuerpos armados en medios de comunicaci\u00f3n, sedes de gobierno, partidos pol\u00edticos\u2026 transmite una evidente falta de di\u00e1logo y una apuesta clara por el uso de la fuerza por parte del Estado ante manifestaciones pol\u00edticas<\/p>\n<p>\u2013 Reprobamos la utilizaci\u00f3n de los mecanismos penales y de instrumentos judiciales y policiales por parte del Estado para la \u201cresoluci\u00f3n\u201d de problem\u00e1ticas estrictamente pol\u00edticas, con una l\u00f3gica perversa de vencedores \u2013 vencidos<\/p>\n<p>\u2013 Hacemos un llamado urgente a todos los organismos y representantes pol\u00edticos a recuperar el espacio de Di\u00e1logo y Negociaci\u00f3n, pactando en el corto plazo las condiciones m\u00ednimas de intercambio de posiciones y abriendo a la ciudadan\u00eda espacios de participaci\u00f3n e incidencia directa, haciendo prevalecer los principios m\u00ednimos de convivencia democr\u00e1tica y eliminando todo instrumento o uso de fuerza para la presi\u00f3n o la coacci\u00f3n.<\/p>\n<p>\u2013 Como campa\u00f1a, siempre exigiremos la desmilitarizaci\u00f3n de todos los \u00e1mbitos de convivencia en nuestra sociedad, nos confirmamos en la apuesta para abordar los conflictos de manera no-violenta y con perspectiva transformadora. Denunciaremos y actuaremos en consecuencia resistiendo cualquier intento de sostener intervenciones o manifestaciones que comporten la militarizaci\u00f3n del conflicto. La sociedad catalana tiene una larga tradici\u00f3n pacifista, se ha prove\u00eddo de organismos y mecanismos para el fomento de la Paz (reconocidos internacionalmente) que han sido y ser\u00e1n la base para transformar cualquier reto social.<\/p>\n<p>\u2013 A la ciudadan\u00eda os motivamos a participar activamente en las diferentes movilizaciones a favor de la libre expresi\u00f3n, ejerciendo la totalidad de los derechos civiles, bas\u00e1ndose en los principios de la no-violencia. La sociedad catalana ha sido cuna de diferentes experiencias de transformaci\u00f3n de situaciones injustas en nuestra sociedad mediante mecanismos como la desobediencia civil, la participaci\u00f3n social y la acci\u00f3n colectiva de base.<\/p>\n<p>\u2013 Al Estado, como titular de obligaciones para el pleno ejercicio de derechos, hacemos un llamado a dejar de utilizar la fuerza, parar la espiral f\u00edsica y simb\u00f3lica de persecuci\u00f3n y estado de excepcionalidad social para dar entrada a una etapa de di\u00e1logo sereno y de participaci\u00f3n democr\u00e1tica de toda la ciudadan\u00eda<\/p>\n<p>A todos los colectivos, plataformas y movimientos sociales a nivel estatal e internacional favorables a la cultura de paz, el antimilitarismo, la defensa de los derechos humanos y el fomento de la participaci\u00f3n ciudadana os convocamos a compartir este comunicado, denunciar cualquier abuso y violencia ejercida por los gobiernos y presionar en sus propios espacios para la b\u00fasqueda de una resoluci\u00f3n no-violenta de la situaci\u00f3n actual en Catalu\u00f1a<\/p>\n<p>Desmilitarizamos la Educaci\u00f3n<\/p>\n<p>*La campa\u00f1a Desmilitarizamos la Educaci\u00f3n est\u00e1 formada por m\u00e1s de ochenta entidades vinculadas al fomento de la Paz y la educaci\u00f3n.<br \/>\nEl principal objetivo de la campa\u00f1a es denunciar la creciente presencia del ej\u00e9rcito en espacios educativos, tanto formales como informales y no formales<\/p>\n<p>&nbsp;<\/p>\n<p>Otros comunicados y posicionamientos<\/p>\n<ul>\n<li><span class=\"notranslate\"><a href=\"https:\/\/translate.googleusercontent.com\/translate_c?depth=1&amp;hl=ca&amp;rurl=translate.google.es&amp;sl=ca&amp;sp=nmt4&amp;tl=es&amp;u=http:\/\/www.lafede.cat\/somdefensores&amp;usg=ALkJrhiz9GRBsi-eVqEy7gvvSkCAa-Bi6A\" target=\"_blank\" rel=\"noopener\">#SomDefensores, Ante la represi\u00f3n, defendemos los derechos humanos<\/a><\/span><\/li>\n<li><span class=\"notranslate\"> <a href=\"https:\/\/translate.googleusercontent.com\/translate_c?depth=1&amp;hl=ca&amp;rurl=translate.google.es&amp;sl=ca&amp;sp=nmt4&amp;tl=es&amp;u=http:\/\/www.cicac.cat\/2017\/09\/manifest-consell-ladvocacia-catalana-relacio-als-greus-fets-que-sestan-produint-catalunya\/&amp;usg=ALkJrhiOFHUpLvdAc-9RNvh9eyB6uJtSpg\" target=\"_blank\" rel=\"noopener\">Manifiesto del Consejo de la Abogac\u00eda Catalana en relaci\u00f3n a los graves hechos que se est\u00e1n produciendo en Catalu\u00f1a<\/a><\/span><\/li>\n<li><span class=\"notranslate\"> <a href=\"https:\/\/translate.googleusercontent.com\/translate_c?depth=1&amp;hl=ca&amp;rurl=translate.google.es&amp;sl=ca&amp;sp=nmt4&amp;tl=es&amp;u=http:\/\/www.fapac.cat\/2017\/09\/20\/la-fapac-davant-la-situaci-derivada-de-l1-o&amp;usg=ALkJrhi0hyXx-aX4REPd8RdPNGFTeuDQ5A\" target=\"_blank\" rel=\"noopener\">La FaPaC ante la situaci\u00f3n vivida en relaci\u00f3n al refer\u00e9ndum del 1-O<\/a><\/span><\/li>\n<li><span class=\"notranslate\"> <a href=\"https:\/\/translate.googleusercontent.com\/translate_c?depth=1&amp;hl=ca&amp;rurl=translate.google.es&amp;sl=ca&amp;sp=nmt4&amp;tl=es&amp;u=http:\/\/www.mrp.cat\/inici\/157\/manifest-sobre-els-fets-en-relacio-a-l1-o&amp;usg=ALkJrhjyrnrIQ0GEDZRTL_WfFs7y9QP_uA\" target=\"_blank\" rel=\"noopener\">FMRP: Manifiesto sobre los hechos en relaci\u00f3n al 1 O<\/a><\/span><\/li>\n<li><span class=\"notranslate\"> <a href=\"https:\/\/translate.googleusercontent.com\/translate_c?depth=1&amp;hl=ca&amp;rurl=translate.google.es&amp;sl=ca&amp;sp=nmt4&amp;tl=es&amp;u=http:\/\/www.acup.cat\/ca\/noticia\/declaracio-de-lacup-en-motiu-dels-fets-ocorreguts-barcelona&amp;usg=ALkJrhjsVkF-mgzQpoc4AroX5x6NqC3FOw\" target=\"_blank\" rel=\"noopener\">Declaraci\u00f3n de la ACUP en motivo de los hechos ocurridos en Barcelona<\/a><\/span><\/li>\n<li><span class=\"notranslate\"> <a href=\"https:\/\/translate.googleusercontent.com\/translate_c?depth=1&amp;hl=ca&amp;rurl=translate.google.es&amp;sl=ca&amp;sp=nmt4&amp;tl=es&amp;u=http:\/\/www.upc.edu\/saladepremsa\/al-dia\/mes-noticies\/comunicat-de-les-universitats-i-dels-centres-de-recerca-de-catalunya&amp;usg=ALkJrhhDpK9eLg7UV4U5HHH_mqDWp1jGgw\" target=\"_blank\" rel=\"noopener\">Comunicado de las universidades y de los centros de investigaci\u00f3n de Catalu\u00f1a<\/a><\/span><\/li>\n<li><span class=\"notranslate\"> <a href=\"https:\/\/translate.googleusercontent.com\/translate_c?depth=1&amp;hl=ca&amp;rurl=translate.google.es&amp;sl=ca&amp;sp=nmt4&amp;tl=es&amp;u=http:\/\/fceg.cat\/2017\/09\/20\/a-favor-de-la-democracia-i-de-la-llibertat-dexpressio\/&amp;usg=ALkJrhgM7SXNMsLl0mAeaCgxbP41giBeMA\" target=\"_blank\" rel=\"noopener\">#SomdeCau: A favor de la democracia y de la libertad de expresi\u00f3n<\/a><\/span><\/li>\n<li><span class=\"notranslate\"> <a href=\"https:\/\/translate.googleusercontent.com\/translate_c?depth=1&amp;hl=ca&amp;rurl=translate.google.es&amp;sl=ca&amp;sp=nmt4&amp;tl=es&amp;u=https:\/\/www.cnjc.cat\/ca\/actualitat\/CNJC-rebutgem-repressio-i-vulneraci%25C3%25B3-drets-catalunya&amp;usg=ALkJrhgrDtP2OMlsS9Aa2eXE1bAt0elCWA\" target=\"_blank\" rel=\"noopener\">CNJC: Rechazamos la represi\u00f3n y vulneraci\u00f3n de derechos: la democracia no se detiene por la v\u00eda judicial ni policial!<\/a><\/span><\/li>\n<li><span class=\"notranslate\"> <a href=\"https:\/\/translate.googleusercontent.com\/translate_c?depth=1&amp;hl=ca&amp;rurl=translate.google.es&amp;sl=ca&amp;sp=nmt4&amp;tl=es&amp;u=http:\/\/cab.cat\/Noticies\/contra-la-intervencio-de-la-democracia-omplim-els-carrers-de-mobilitzacions-alegres-i-no-violentes.html&amp;usg=ALkJrhhyHvPggx-44_a4Sj5-Vdeu5TQLUw\" target=\"_blank\" rel=\"noopener\">CAB: Contra la intervenci\u00f3n de la democracia, llenamos las calles de movilizaciones alegres y no violentas<\/a><\/span><\/li>\n<li><span class=\"notranslate\"> <a href=\"https:\/\/translate.googleusercontent.com\/translate_c?depth=1&amp;hl=ca&amp;rurl=translate.google.es&amp;sl=ca&amp;sp=nmt4&amp;tl=es&amp;u=https:\/\/twitter.com\/LaConfederacio\/status\/910532008656490497&amp;usg=ALkJrhjIy154EUk32UtEZt2YChq6ElIzYg\" target=\"_blank\" rel=\"noopener\">Comunicado Tercer Sector Social en apoyo a las instituciones catalanas sale la defensa de la democracia<\/a><\/span><\/li>\n<li><span class=\"notranslate\"> <a href=\"https:\/\/translate.googleusercontent.com\/translate_c?depth=1&amp;hl=ca&amp;rurl=translate.google.es&amp;sl=ca&amp;sp=nmt4&amp;tl=es&amp;u=http:\/\/fundipau.org\/fundipau-rebutja-radicalment-les-detencions-per-motius-politics-de-carrecs-publics-i-membres-del-parlament\/&amp;usg=ALkJrhilRiO1ZlIwMuHHJvOc2u6TwvzlKA\" target=\"_blank\" rel=\"noopener\">FundiPau rechaza radicalmente las detenciones por motivos pol\u00edticos de cargos p\u00fablicos<\/a><\/span><\/li>\n<li><span class=\"notranslate\"> <a href=\"https:\/\/translate.googleusercontent.com\/translate_c?depth=1&amp;hl=ca&amp;rurl=translate.google.es&amp;sl=ca&amp;sp=nmt4&amp;tl=es&amp;u=http:\/\/iac.cat\/2017\/09\/20\/comunicat-en-contra-de-la-repressio-de-rebuig-a-lestat-dexcepcio-encobert-del-govern-del-pp-i-en-defensa-de-la-sobirania-del-poble-catala\/&amp;usg=ALkJrhhl9x_XOHDfHo9Pedpzsq2-6pnjSw\" target=\"_blank\" rel=\"noopener\">IAC-CAT: Comunicado de rechazo al estado de excepci\u00f3n encubierto del gobierno del PP y en defensa del refer\u00e9ndum: hacia la huelga general<\/a><\/span><\/li>\n<\/ul>\n<p>&nbsp;<\/p>\n<p>&nbsp;<\/p>","protected":false},"excerpt":{"rendered":"<p>Ante la escalada de acontecimientos de los \u00faltimos d\u00edas en relaci\u00f3n a la situaci\u00f3n pol\u00edtica de Catalu\u00f1a, la campa\u00f1a Desmilitaritzem l&#8217;Educaci\u00f3* comunica: \u2013 Nuestro rechazo absoluto a toda forma de violencia y vulneraci\u00f3n de derechos humanos, al ejercicio ciudadano de libertad de expresi\u00f3n y de participaci\u00f3n pol\u00edtica \u2013 Nuestra condena por las actuaciones policiales que&hellip;&nbsp;<a href=\"https:\/\/desmilitaritzem.blog.pangea.org\/es\/2017\/09\/22\/comunicat-urgent-campanya-desmilitaritzem-leducacio\/\" rel=\"bookmark\">Leer m\u00e1s &raquo;<span class=\"screen-reader-text\">Comunicado urgente campa\u00f1a Desmilitaritzem l&#8217;Educaci\u00f3<\/span><\/a><\/p>\n","protected":false},"author":1115,"featured_media":0,"comment_status":"open","ping_status":"open","sticky":false,"template":"","format":"standard","meta":{"neve_meta_sidebar":"","neve_meta_container":"","neve_meta_enable_content_width":"","neve_meta_content_width":0,"neve_meta_title_alignment":"","neve_meta_author_avatar":"","neve_post_elements_order":"","neve_meta_disable_header":"","neve_meta_disable_footer":"","neve_meta_disable_title":"","jetpack_post_was_ever_published":false,"_jetpack_newsletter_access":"","_jetpack_dont_email_post_to_subs":false,"_jetpack_newsletter_tier_id":0,"_jetpack_memberships_contains_paywalled_content":false,"_jetpack_memberships_contains_paid_content":false,"footnotes":"","jetpack_publicize_message":"","jetpack_publicize_feature_enabled":true,"jetpack_social_post_already_shared":true,"jetpack_social_options":{"image_generator_settings":{"template":"highway","default_image_id":0,"font":"","enabled":false},"version":2}},"categories":[32],"tags":[],"class_list":["post-1796","post","type-post","status-publish","format-standard","hentry","category-principal"],"jetpack_publicize_connections":[],"jetpack_featured_media_url":"","jetpack_sharing_enabled":true,"jetpack_shortlink":"https:\/\/wp.me\/p1W1mN-sY","jetpack-related-posts":[],"_links":{"self":[{"href":"https:\/\/desmilitaritzem.blog.pangea.org\/es\/wp-json\/wp\/v2\/posts\/1796","targetHints":{"allow":["GET"]}}],"collection":[{"href":"https:\/\/desmilitaritzem.blog.pangea.org\/es\/wp-json\/wp\/v2\/posts"}],"about":[{"href":"https:\/\/desmilitaritzem.blog.pangea.org\/es\/wp-json\/wp\/v2\/types\/post"}],"author":[{"embeddable":true,"href":"https:\/\/desmilitaritzem.blog.pangea.org\/es\/wp-json\/wp\/v2\/users\/1115"}],"replies":[{"embeddable":true,"href":"https:\/\/desmilitaritzem.blog.pangea.org\/es\/wp-json\/wp\/v2\/comments?post=1796"}],"version-history":[{"count":5,"href":"https:\/\/desmilitaritzem.blog.pangea.org\/es\/wp-json\/wp\/v2\/posts\/1796\/revisions"}],"predecessor-version":[{"id":1802,"href":"https:\/\/desmilitaritzem.blog.pangea.org\/es\/wp-json\/wp\/v2\/posts\/1796\/revisions\/1802"}],"wp:attachment":[{"href":"https:\/\/desmilitaritzem.blog.pangea.org\/es\/wp-json\/wp\/v2\/media?parent=1796"}],"wp:term":[{"taxonomy":"category","embeddable":true,"href":"https:\/\/desmilitaritzem.blog.pangea.org\/es\/wp-json\/wp\/v2\/categories?post=1796"},{"taxonomy":"post_tag","embeddable":true,"href":"https:\/\/desmilitaritzem.blog.pangea.org\/es\/wp-json\/wp\/v2\/tags?post=1796"}],"curies":[{"name":"wp","href":"https:\/\/api.w.org\/{rel}","templated":true}]}}