{"id":556,"date":"2011-04-12T13:44:32","date_gmt":"2011-04-12T11:44:32","guid":{"rendered":"http:\/\/desmilitaritzem.blog.pangea.org\/?p=556"},"modified":"2013-06-13T02:53:47","modified_gmt":"2013-06-13T00:53:47","slug":"manifest-sortim-de-la-crisi-reduint-la-despesa-militar","status":"publish","type":"post","link":"https:\/\/desmilitaritzem.blog.pangea.org\/es\/2011\/04\/12\/manifest-sortim-de-la-crisi-reduint-la-despesa-militar\/","title":{"rendered":"Manifest: Sortim de la crisi reduint la despesa militar"},"content":{"rendered":"<p>Al m\u00f3n moren cada dia 35.000 persones de fam o per manca d\u2019atenci\u00f3 sanit\u00e0ria; hi ha 1.020 milions de persones que passen gana; nom\u00e9s a Europa, tenim 23 milions d\u2019aturats (m\u00e9s de 4 milions a Espanya i m\u00e9s de 600.000 a Catalunya) i la meitat de la humanitat viu amb menys de dos d\u00f2lars al dia.<\/p>\n<p>Per millorar la vida de la humanitat i preservar el planeta, cal destinar esfor\u00e7os i recursos a desenvolupar una economia al servei de les persones, aquella que t\u00e9 com a finalitat millorar la qualitat de vida a trav\u00e9s de l\u2019educaci\u00f3, la salut, el desenvolupament, la just\u00edcia i els drets humans.<br \/>\nPer\u00f2 la realitat \u00e9s que al m\u00f3n cada any dediquem 1,55 bilions de d\u00f2lars (el 2,7% del PIB mundial) a despesa militar, el que suposa 4.246 milions de d\u00f2lars al dia. \u00c9s m\u00e9s que possible que aquestes xifres siguin molt superiors si considerem tot all\u00f2 que no declaren els governs. Aquesta ingent despesa es destina a mantenir 21 milions de soldats (2,5 milions a la Uni\u00f3 Europea, 130.000 dels quals a l\u2019Estat espanyol) i a adquirir enormes quantitats d\u2019armes (400.000 milions de d\u00f2lars anuals).<\/p>\n<figure style=\"width: 280px\" class=\"wp-caption alignright\"><a href=\"http:\/\/www.flickr.com\/people\/bobaliciouslondon\/\"><img loading=\"lazy\" decoding=\"async\" class=\" \" src=\"http:\/\/farm6.static.flickr.com\/5007\/5251497434_afeb2df2fa_o.jpg\" alt=\"Creative Commons (bobaliciouslondon)\" width=\"280\" height=\"361\" \/><\/a><figcaption class=\"wp-caption-text\">http:\/\/www.flickr.com\/people\/bobaliciouslondon\/<\/figcaption><\/figure>\n<p>Amb motiu de la celebraci\u00f3, el proper 12 d\u2019abril, del Dia Mundial d\u2019Acci\u00f3 sobre la Despesa Militar, promoguda per diverses organitzacions encap\u00e7alades per la xarxa global International Peace Bureau (IPB), volem sumar la nostra veu a la de ciutadans i ciutadanes d\u2019arreu del m\u00f3n per a mostrar el nostre desacord amb aquesta desorbitada despesa militar. Perqu\u00e8:<br \/>\n. La despesa militar alimenta vells i nous conflictes armats.<br \/>\n. La despesa militar refor\u00e7a una cultura dominant que \u00e9s motor i justificaci\u00f3 de viol\u00e8ncia i guerra<br \/>\n. Cal posar fi als privilegis del complex militar-industrial, l\u2019\u00fanic sector que obt\u00e9 beneficis d\u2019aquesta exagerada despesa.<br \/>\n. Cal trencar la in\u00e8rcia dominant que basa la seguretat en termes militars mentre menysprea l\u2019aut\u00e8ntica seguretat humana fonamentada en la protecci\u00f3 de la salut, l\u2019educaci\u00f3, un medi ambient saludable, l\u2019acc\u00e9s a l\u2019habitatge, un treball digne i el respecte dels drets humans.<br \/>\n. Un m\u00f3n en pau, no passa per invertir en despesa militar, sin\u00f3 en prevenci\u00f3 de conflictes, governabilitat democr\u00e0tica i desarmament<br \/>\n<strong><em><br \/>\nFederacions, entitats i persones que donen suport al Manifest:<\/em><\/strong><\/p>\n<p>ONG i centres:<br \/>\nAsociaci\u00f3n Voluntariado de la Universidad de Valladolid, C\u00e0tedra UNESCO de Filosofia per a la Pau de la Universitat Jaume I de Castell\u00f3, Centre UNESCO de Catalunya, Federaci\u00f3 Catalana d\u2019ONG pel Desenvolupament, Federaci\u00f3 Catalana d\u2019ONG pels Drets Humans, Federaci\u00f3 Catalana d\u2019ONG per la Pau, Fundaci\u00f3n Cultura de Paz, Fundaci\u00f3 per la Pau, Just\u00edcia i Pau, Plataforma per la Pau de Lloret de Mar, Seminario Galego de Educaci\u00f3n para a Paz (SGEP).<\/p>\n<p>Persones \u00e0mbit cultura, societat i moviment per la pau:<br \/>\nToni Alb\u00e0, Jordi Armadans, Xavier Badia, Siscu Baiges, Alfons Banda, \u00c0ngels Bassas, Jordi Borja, Jordi Calvo, Jordi Cam\u00ed, Manuel Dios Diz, Miquel \u00c0ngel Essomba, Francisco Fern\u00e1ndez Buey, Tica Font, August Gil Matamala, Rafael Grasa, Eduard Ib\u00e0\u00f1ez, Mar Jim\u00e9nez, Joel Joan, Kilian Jornet, Gemma Lienas, Llu\u00eds Llach, Vicent Mart\u00ednez Guzm\u00e1n, Rita Marzoa, Xavier Masllorens, Federico Mayor Zaragoza, David Minoves, Anna Monjo, Jordi Mu\u00f1oz, Arcadi Oliveres, Pere Ortega, Vicent Partal, Jordi Pigem, Jordi Porta, Raimon, Rosa Reg\u00e0s, Pep Riera, Mart\u00edn Rodr\u00edguez Rojo, Gervasio S\u00e1nchez, Cinta S. Bellmunt, Gabriela Serra, Joan Subirats, Josep-Maria Terricabras, Francesc Torralba Rosell\u00f3, Francesc Tubau, Feliu Ventura.<\/p>\n<p>M\u00e8s informaci\u00f3: <a href=\"http:\/\/www.fundacioperlapau.org\/interior_actualitat.php?ID=2106\" target=\"_blank\">Fundaci\u00f3 per la Pau<\/a><\/p>","protected":false},"excerpt":{"rendered":"<p>Al m\u00f3n moren cada dia 35.000 persones de fam o per manca d\u2019atenci\u00f3 sanit\u00e0ria; hi ha 1.020 milions de persones que passen gana; nom\u00e9s a Europa, tenim 23 milions d\u2019aturats (m\u00e9s de 4 milions a Espanya i m\u00e9s de 600.000 a Catalunya) i la meitat de la humanitat viu amb menys de dos d\u00f2lars al&hellip;&nbsp;<a href=\"https:\/\/desmilitaritzem.blog.pangea.org\/es\/2011\/04\/12\/manifest-sortim-de-la-crisi-reduint-la-despesa-militar\/\" rel=\"bookmark\">Leer m\u00e1s &raquo;<span class=\"screen-reader-text\">Manifest: Sortim de la crisi reduint la despesa militar<\/span><\/a><\/p>\n","protected":false},"author":27,"featured_media":0,"comment_status":"open","ping_status":"open","sticky":false,"template":"","format":"gallery","meta":{"neve_meta_sidebar":"","neve_meta_container":"","neve_meta_enable_content_width":"","neve_meta_content_width":0,"neve_meta_title_alignment":"","neve_meta_author_avatar":"","neve_post_elements_order":"","neve_meta_disable_header":"","neve_meta_disable_footer":"","neve_meta_disable_title":"","jetpack_post_was_ever_published":false,"_jetpack_newsletter_access":"","_jetpack_dont_email_post_to_subs":false,"_jetpack_newsletter_tier_id":0,"_jetpack_memberships_contains_paywalled_content":false,"_jetpack_memberships_contains_paid_content":false,"footnotes":"","jetpack_publicize_message":"","jetpack_publicize_feature_enabled":true,"jetpack_social_post_already_shared":false,"jetpack_social_options":{"image_generator_settings":{"template":"highway","default_image_id":0,"font":"","enabled":false},"version":2}},"categories":[32],"tags":[8166],"class_list":["post-556","post","type-post","status-publish","format-gallery","hentry","category-principal","tag-pressupost","post_format-post-format-gallery"],"jetpack_publicize_connections":[],"jetpack_featured_media_url":"","jetpack_sharing_enabled":true,"jetpack_shortlink":"https:\/\/wp.me\/p1W1mN-8Y","jetpack-related-posts":[],"_links":{"self":[{"href":"https:\/\/desmilitaritzem.blog.pangea.org\/es\/wp-json\/wp\/v2\/posts\/556","targetHints":{"allow":["GET"]}}],"collection":[{"href":"https:\/\/desmilitaritzem.blog.pangea.org\/es\/wp-json\/wp\/v2\/posts"}],"about":[{"href":"https:\/\/desmilitaritzem.blog.pangea.org\/es\/wp-json\/wp\/v2\/types\/post"}],"author":[{"embeddable":true,"href":"https:\/\/desmilitaritzem.blog.pangea.org\/es\/wp-json\/wp\/v2\/users\/27"}],"replies":[{"embeddable":true,"href":"https:\/\/desmilitaritzem.blog.pangea.org\/es\/wp-json\/wp\/v2\/comments?post=556"}],"version-history":[{"count":7,"href":"https:\/\/desmilitaritzem.blog.pangea.org\/es\/wp-json\/wp\/v2\/posts\/556\/revisions"}],"predecessor-version":[{"id":1140,"href":"https:\/\/desmilitaritzem.blog.pangea.org\/es\/wp-json\/wp\/v2\/posts\/556\/revisions\/1140"}],"wp:attachment":[{"href":"https:\/\/desmilitaritzem.blog.pangea.org\/es\/wp-json\/wp\/v2\/media?parent=556"}],"wp:term":[{"taxonomy":"category","embeddable":true,"href":"https:\/\/desmilitaritzem.blog.pangea.org\/es\/wp-json\/wp\/v2\/categories?post=556"},{"taxonomy":"post_tag","embeddable":true,"href":"https:\/\/desmilitaritzem.blog.pangea.org\/es\/wp-json\/wp\/v2\/tags?post=556"}],"curies":[{"name":"wp","href":"https:\/\/api.w.org\/{rel}","templated":true}]}}