{"id":711,"date":"2012-03-19T14:00:53","date_gmt":"2012-03-19T13:00:53","guid":{"rendered":"http:\/\/desmilitaritzem.blog.pangea.org\/?p=711"},"modified":"2013-06-13T02:51:53","modified_gmt":"2013-06-13T00:51:53","slug":"salo-de-lensenyament-2012","status":"publish","type":"post","link":"https:\/\/desmilitaritzem.blog.pangea.org\/es\/2012\/03\/19\/salo-de-lensenyament-2012\/","title":{"rendered":"Sal\u00f3n de la Ense\u00f1anza 2012"},"content":{"rendered":"<p><\/p>\n<p style=\"text-align: justify\">Un a\u00f1o m\u00e1s, el ej\u00e9rcito espa\u00f1ol participar\u00e1 al Sal\u00f3n de la Ense\u00f1anza de Barcelona (21 \u2013 25 de marzo) para captar nuevos reclutas. Y un a\u00f1o m\u00e1s, la sociedad civil catalana a favor de la paz se opone a su participaci\u00f3n por las siguientes razones:<\/p>\n<p style=\"text-align: justify\">\n<p style=\"text-align: justify\">Las Fuerzas Armadas transmiten una series de valores como la obediencia, la disciplina, el patriarcado, el *androcentrisme y, sobre todo, la violencia como medio para resolver conflictos, los cuales contradicen los valores de paz, di\u00e1logo y libertad que tienen que ser la base de la educaci\u00f3n de los y las j\u00f3venes del pa\u00eds.<\/p>\n<p style=\"text-align: justify\">\n<p style=\"text-align: justify\">[Foto: La Guerra no se un *Juego]<\/p>\n<p style=\"text-align: justify\">\n<p style=\"text-align: justify\">Los principios del ej\u00e9rcito se oponen a los de la *LOE, inspirada en \u201cla educaci\u00f3n para la prevenci\u00f3n de conflictos y para la resoluci\u00f3n pac\u00edfica de estos, as\u00ed como la no-violencia en todos los \u00e1mbitos de la vida personal, familiar y social.\u201d Y orientada a la consecuci\u00f3n de \u201cla formaci\u00f3n para la paz, el respecto a los derechos humanos, la vida en com\u00fan, la cohesi\u00f3n social, la cooperaci\u00f3n y solidaridad entre los pueblos [&#8230;].\u201d<\/p>\n<p style=\"text-align: justify\">\n<p style=\"text-align: justify\">La participaci\u00f3n de las Fuerzas Armadas al Sal\u00f3n de la Ense\u00f1anza es un paso m\u00e1s en la normalizaci\u00f3n del ej\u00e9rcito y su inserci\u00f3n a los espacios educativos, para fomentar as\u00ed la llamada cultura de defensa y el esp\u00edritu militar, y mejorar su imagen para animar al reclutamiento.<\/p>\n<p style=\"text-align: justify\">\n<p style=\"text-align: justify\">La imagen proyectada del ej\u00e9rcito como una organizaci\u00f3n de ayuda humanitaria y no como el que es, un instrumento para el ejercicio de la violencia organizada, es enga\u00f1osa y oculta su aut\u00e9ntico rol de defensa de intereses m\u00e1s espurios.<\/p>\n<p style=\"text-align: justify\">\n<p style=\"text-align: justify\">Creemos que la seguridad humana no tiene que ser garantizada con medios violentos, sino con inversiones en educaci\u00f3n, sanidad, defiende de los derechos humanos, acceso al trabajo y la vivienda, la protecci\u00f3n del medio ambiente&#8230;<\/p>\n<p style=\"text-align: justify\">\n<p style=\"text-align: justify\">Por lo tanto, desde la convicci\u00f3n que el objetivo de las instituciones y agentes educativos es el fomento de la educaci\u00f3n por la paz, la ciencia, el respeto, la convivencia y el di\u00e1logo, creemos que el ej\u00e9rcito es incompatible con estos principios. Adem\u00e1s, dado el cr\u00edtico estado de los presupuestos p\u00fablicos y cuando otros organismos est\u00e1n recortando personal, consideramos inadmisible que se destinen fondo a la promoci\u00f3n y publicidad de las Fuerzas Armadas para aumentar el reclutamiento.<\/p>\n<p style=\"text-align: justify\">\n<p style=\"text-align: justify\">Desde aqu\u00ed manifestamos nuestro total rechazo a la participaci\u00f3n del ej\u00e9rcito espa\u00f1ol al Sal\u00f3n de la Ense\u00f1anza y pedimos al Departamento de Ense\u00f1anza, en calidad de coordinador, y a la Feria de Barcelona, en calidad de organizadora, a retirarle la invitaci\u00f3n por esta y las pr\u00f3ximas ediciones.<\/p>\n<p style=\"text-align: justify\">\n<p style=\"text-align: justify\">Echamos el ej\u00e9rcito del sal\u00f3n de ense\u00f1anza, desmilitarizamos la educaci\u00f3n!<\/p>\n<p><\/p>","protected":false},"excerpt":{"rendered":"<p>Un a\u00f1o m\u00e1s, el ej\u00e9rcito espa\u00f1ol participar\u00e1 al Sal\u00f3n de la Ense\u00f1anza de Barcelona (21 \u2013 25 de marzo) para captar nuevos reclutas. Y un a\u00f1o m\u00e1s, la sociedad civil catalana a favor de la paz se opone a su participaci\u00f3n por las siguientes razones: Las Fuerzas Armadas transmiten una series de valores como la&hellip;&nbsp;<a href=\"https:\/\/desmilitaritzem.blog.pangea.org\/es\/2012\/03\/19\/salo-de-lensenyament-2012\/\" rel=\"bookmark\">Leer m\u00e1s &raquo;<span class=\"screen-reader-text\">Sal\u00f3n de la Ense\u00f1anza 2012<\/span><\/a><\/p>\n","protected":false},"author":1115,"featured_media":0,"comment_status":"open","ping_status":"open","sticky":false,"template":"","format":"standard","meta":{"neve_meta_sidebar":"","neve_meta_container":"","neve_meta_enable_content_width":"","neve_meta_content_width":0,"neve_meta_title_alignment":"","neve_meta_author_avatar":"","neve_post_elements_order":"","neve_meta_disable_header":"","neve_meta_disable_footer":"","neve_meta_disable_title":"","jetpack_post_was_ever_published":false,"_jetpack_newsletter_access":"","_jetpack_dont_email_post_to_subs":false,"_jetpack_newsletter_tier_id":0,"_jetpack_memberships_contains_paywalled_content":false,"_jetpack_memberships_contains_paid_content":false,"footnotes":"","jetpack_publicize_message":"","jetpack_publicize_feature_enabled":true,"jetpack_social_post_already_shared":false,"jetpack_social_options":{"image_generator_settings":{"template":"highway","default_image_id":0,"font":"","enabled":false},"version":2}},"categories":[32],"tags":[8168],"class_list":["post-711","post","type-post","status-publish","format-standard","hentry","category-principal","tag-salo-ensenyament"],"jetpack_publicize_connections":[],"jetpack_featured_media_url":"","jetpack_sharing_enabled":true,"jetpack_shortlink":"https:\/\/wp.me\/p1W1mN-bt","jetpack-related-posts":[],"_links":{"self":[{"href":"https:\/\/desmilitaritzem.blog.pangea.org\/es\/wp-json\/wp\/v2\/posts\/711","targetHints":{"allow":["GET"]}}],"collection":[{"href":"https:\/\/desmilitaritzem.blog.pangea.org\/es\/wp-json\/wp\/v2\/posts"}],"about":[{"href":"https:\/\/desmilitaritzem.blog.pangea.org\/es\/wp-json\/wp\/v2\/types\/post"}],"author":[{"embeddable":true,"href":"https:\/\/desmilitaritzem.blog.pangea.org\/es\/wp-json\/wp\/v2\/users\/1115"}],"replies":[{"embeddable":true,"href":"https:\/\/desmilitaritzem.blog.pangea.org\/es\/wp-json\/wp\/v2\/comments?post=711"}],"version-history":[{"count":10,"href":"https:\/\/desmilitaritzem.blog.pangea.org\/es\/wp-json\/wp\/v2\/posts\/711\/revisions"}],"predecessor-version":[{"id":1136,"href":"https:\/\/desmilitaritzem.blog.pangea.org\/es\/wp-json\/wp\/v2\/posts\/711\/revisions\/1136"}],"wp:attachment":[{"href":"https:\/\/desmilitaritzem.blog.pangea.org\/es\/wp-json\/wp\/v2\/media?parent=711"}],"wp:term":[{"taxonomy":"category","embeddable":true,"href":"https:\/\/desmilitaritzem.blog.pangea.org\/es\/wp-json\/wp\/v2\/categories?post=711"},{"taxonomy":"post_tag","embeddable":true,"href":"https:\/\/desmilitaritzem.blog.pangea.org\/es\/wp-json\/wp\/v2\/tags?post=711"}],"curies":[{"name":"wp","href":"https:\/\/api.w.org\/{rel}","templated":true}]}}